{"id":1084,"date":"2018-12-15T14:51:20","date_gmt":"2018-12-15T13:51:20","guid":{"rendered":"http:\/\/rodslonecznapolana.pl\/?p=1084"},"modified":"2018-12-15T14:51:27","modified_gmt":"2018-12-15T13:51:27","slug":"zyczenia-swiateczne-2018","status":"publish","type":"post","link":"https:\/\/rodslonecznapolana.pl\/index.php\/2018\/12\/15\/zyczenia-swiateczne-2018\/","title":{"rendered":"\u017byczenia \u015awi\u0105teczne 2018"},"content":{"rendered":"<p style=\"text-align: right;\"><em><strong><span style=\"font-size: 18pt; color: #800000;\">Z okazji zbli\u017caj\u0105cych si\u0119 \u015awi\u0105t Bo\u017cego Narodzenia <\/span><\/strong><\/em><\/p>\n<p style=\"text-align: right;\"><em><strong><span style=\"font-size: 18pt; color: #800000;\">oraz <\/span><\/strong><\/em><\/p>\n<p style=\"text-align: right;\"><em><strong><span style=\"font-size: 18pt; color: #800000;\">Nowego 2019 Roku, Dzia\u0142kowcom i Waszym\u00a0<\/span><\/strong><\/em><em style=\"font-weight: inherit;\"><strong><span style=\"font-size: 18pt; color: #800000;\">Rodzinom,<\/span><\/strong><\/em><em style=\"font-weight: inherit;\"><strong><span style=\"font-size: 18pt; color: #800000;\"><img loading=\"lazy\" decoding=\"async\" class=\"wp-image-1088 alignleft\" src=\"http:\/\/rodslonecznapolana.pl\/wp-content\/uploads\/2018\/12\/swieta-bozego-narodzenia-2017-dcd-300x244.jpg\" alt=\"\" width=\"595\" height=\"484\" srcset=\"https:\/\/rodslonecznapolana.pl\/wp-content\/uploads\/2018\/12\/swieta-bozego-narodzenia-2017-dcd-300x244.jpg 300w, https:\/\/rodslonecznapolana.pl\/wp-content\/uploads\/2018\/12\/swieta-bozego-narodzenia-2017-dcd-768x623.jpg 768w, https:\/\/rodslonecznapolana.pl\/wp-content\/uploads\/2018\/12\/swieta-bozego-narodzenia-2017-dcd-1024x831.jpg 1024w, https:\/\/rodslonecznapolana.pl\/wp-content\/uploads\/2018\/12\/swieta-bozego-narodzenia-2017-dcd.jpg 1200w\" sizes=\"(max-width: 595px) 100vw, 595px\" \/><\/span><\/strong><\/em><\/p>\n<p style=\"text-align: right;\"><em><strong><span style=\"font-size: 18pt; color: #800000;\">zdrowia, wszelkiej pomy\u015blno\u015bci, <\/span><\/strong><\/em><\/p>\n<p style=\"text-align: right;\"><em><strong><span style=\"font-size: 18pt; color: #800000;\">du\u017co si\u0142 i zapa\u0142u na nowy dzia\u0142kowy sezon, <\/span><\/strong><\/em><\/p>\n<p style=\"text-align: right;\"><em><strong><span style=\"font-size: 18pt; color: #800000;\">\u017cyczy<\/span><\/strong><\/em><\/p>\n<p style=\"text-align: right;\"><em><strong><span style=\"font-size: 18pt; color: #800000;\">Zarz\u0105d ROD S\u0142oneczna Polana<\/span><\/strong><\/em><\/p>\n","protected":false},"excerpt":{"rendered":"<p>Z okazji zbli\u017caj\u0105cych si\u0119 \u015awi\u0105t Bo\u017cego Narodzenia oraz Nowego 2019 Roku, Dzia\u0142kowcom i Waszym\u00a0Rodzinom, zdrowia, wszelkiej pomy\u015blno\u015bci, du\u017co si\u0142 i zapa\u0142u na nowy dzia\u0142kowy sezon, \u017cyczy Zarz\u0105d ROD S\u0142oneczna Polana<\/p>\n","protected":false},"author":2,"featured_media":1098,"comment_status":"closed","ping_status":"open","sticky":false,"template":"","format":"standard","meta":{"footnotes":""},"categories":[1],"tags":[],"yoast_head":"<!-- This site is optimized with the Yoast SEO plugin v22.6 - https:\/\/yoast.com\/wordpress\/plugins\/seo\/ -->\n<title>\u017byczenia \u015awi\u0105teczne 2018 - OGRODY DZIA\u0141KOWE S\u0141ONECZNA POLANA PAWLIKOWICE<\/title>\n<meta name=\"robots\" content=\"index, follow, max-snippet:-1, max-image-preview:large, max-video-preview:-1\" \/>\n<link rel=\"canonical\" href=\"https:\/\/rodslonecznapolana.pl\/index.php\/2018\/12\/15\/zyczenia-swiateczne-2018\/\" \/>\n<meta property=\"og:locale\" content=\"pl_PL\" \/>\n<meta property=\"og:type\" content=\"article\" \/>\n<meta property=\"og:title\" content=\"\u017byczenia \u015awi\u0105teczne 2018 - OGRODY DZIA\u0141KOWE S\u0141ONECZNA POLANA PAWLIKOWICE\" \/>\n<meta property=\"og:description\" content=\"Z okazji zbli\u017caj\u0105cych si\u0119 \u015awi\u0105t Bo\u017cego Narodzenia oraz Nowego 2019 Roku, Dzia\u0142kowcom i Waszym\u00a0Rodzinom, zdrowia, wszelkiej pomy\u015blno\u015bci, du\u017co si\u0142 i zapa\u0142u na nowy dzia\u0142kowy sezon, \u017cyczy Zarz\u0105d ROD S\u0142oneczna Polana\" \/>\n<meta property=\"og:url\" content=\"https:\/\/rodslonecznapolana.pl\/index.php\/2018\/12\/15\/zyczenia-swiateczne-2018\/\" \/>\n<meta property=\"og:site_name\" content=\"OGRODY DZIA\u0141KOWE S\u0141ONECZNA POLANA PAWLIKOWICE\" \/>\n<meta property=\"article:published_time\" content=\"2018-12-15T13:51:20+00:00\" \/>\n<meta property=\"article:modified_time\" content=\"2018-12-15T13:51:27+00:00\" \/>\n<meta property=\"og:image\" content=\"https:\/\/rodslonecznapolana.pl\/wp-content\/uploads\/2018\/12\/unnamed.gif\" \/>\n\t<meta property=\"og:image:width\" content=\"700\" \/>\n\t<meta property=\"og:image:height\" content=\"480\" \/>\n\t<meta property=\"og:image:type\" content=\"image\/gif\" \/>\n<meta name=\"author\" content=\"slonecznapolanarod@gmail.com\" \/>\n<meta name=\"twitter:card\" content=\"summary_large_image\" \/>\n<meta name=\"twitter:label1\" content=\"Napisane przez\" \/>\n\t<meta name=\"twitter:data1\" content=\"slonecznapolanarod@gmail.com\" \/>\n<script type=\"application\/ld+json\" class=\"yoast-schema-graph\">{\"@context\":\"https:\/\/schema.org\",\"@graph\":[{\"@type\":\"WebPage\",\"@id\":\"https:\/\/rodslonecznapolana.pl\/index.php\/2018\/12\/15\/zyczenia-swiateczne-2018\/\",\"url\":\"https:\/\/rodslonecznapolana.pl\/index.php\/2018\/12\/15\/zyczenia-swiateczne-2018\/\",\"name\":\"\u017byczenia \u015awi\u0105teczne 2018 - OGRODY DZIA\u0141KOWE S\u0141ONECZNA POLANA PAWLIKOWICE\",\"isPartOf\":{\"@id\":\"https:\/\/rodslonecznapolana.pl\/#website\"},\"primaryImageOfPage\":{\"@id\":\"https:\/\/rodslonecznapolana.pl\/index.php\/2018\/12\/15\/zyczenia-swiateczne-2018\/#primaryimage\"},\"image\":{\"@id\":\"https:\/\/rodslonecznapolana.pl\/index.php\/2018\/12\/15\/zyczenia-swiateczne-2018\/#primaryimage\"},\"thumbnailUrl\":\"https:\/\/rodslonecznapolana.pl\/wp-content\/uploads\/2018\/12\/unnamed.gif\",\"datePublished\":\"2018-12-15T13:51:20+00:00\",\"dateModified\":\"2018-12-15T13:51:27+00:00\",\"author\":{\"@id\":\"https:\/\/rodslonecznapolana.pl\/#\/schema\/person\/e1f11991694e9fa7757769079fa1c460\"},\"breadcrumb\":{\"@id\":\"https:\/\/rodslonecznapolana.pl\/index.php\/2018\/12\/15\/zyczenia-swiateczne-2018\/#breadcrumb\"},\"inLanguage\":\"pl-PL\",\"potentialAction\":[{\"@type\":\"ReadAction\",\"target\":[\"https:\/\/rodslonecznapolana.pl\/index.php\/2018\/12\/15\/zyczenia-swiateczne-2018\/\"]}]},{\"@type\":\"ImageObject\",\"inLanguage\":\"pl-PL\",\"@id\":\"https:\/\/rodslonecznapolana.pl\/index.php\/2018\/12\/15\/zyczenia-swiateczne-2018\/#primaryimage\",\"url\":\"https:\/\/rodslonecznapolana.pl\/wp-content\/uploads\/2018\/12\/unnamed.gif\",\"contentUrl\":\"https:\/\/rodslonecznapolana.pl\/wp-content\/uploads\/2018\/12\/unnamed.gif\",\"width\":700,\"height\":480},{\"@type\":\"BreadcrumbList\",\"@id\":\"https:\/\/rodslonecznapolana.pl\/index.php\/2018\/12\/15\/zyczenia-swiateczne-2018\/#breadcrumb\",\"itemListElement\":[{\"@type\":\"ListItem\",\"position\":1,\"name\":\"Strona g\u0142\u00f3wna\",\"item\":\"https:\/\/rodslonecznapolana.pl\/\"},{\"@type\":\"ListItem\",\"position\":2,\"name\":\"\u017byczenia \u015awi\u0105teczne 2018\"}]},{\"@type\":\"WebSite\",\"@id\":\"https:\/\/rodslonecznapolana.pl\/#website\",\"url\":\"https:\/\/rodslonecznapolana.pl\/\",\"name\":\"OGRODY DZIA\u0141KOWE S\u0141ONECZNA POLANA PAWLIKOWICE\",\"description\":\"\",\"potentialAction\":[{\"@type\":\"SearchAction\",\"target\":{\"@type\":\"EntryPoint\",\"urlTemplate\":\"https:\/\/rodslonecznapolana.pl\/?s={search_term_string}\"},\"query-input\":\"required name=search_term_string\"}],\"inLanguage\":\"pl-PL\"},{\"@type\":\"Person\",\"@id\":\"https:\/\/rodslonecznapolana.pl\/#\/schema\/person\/e1f11991694e9fa7757769079fa1c460\",\"name\":\"slonecznapolanarod@gmail.com\",\"image\":{\"@type\":\"ImageObject\",\"inLanguage\":\"pl-PL\",\"@id\":\"https:\/\/rodslonecznapolana.pl\/#\/schema\/person\/image\/\",\"url\":\"https:\/\/secure.gravatar.com\/avatar\/4e1b7da00bbbef286abc5d10e669a6f0?s=96&d=mm&r=g\",\"contentUrl\":\"https:\/\/secure.gravatar.com\/avatar\/4e1b7da00bbbef286abc5d10e669a6f0?s=96&d=mm&r=g\",\"caption\":\"slonecznapolanarod@gmail.com\"},\"url\":\"https:\/\/rodslonecznapolana.pl\/index.php\/author\/slonecznapolanarodgmail-com\/\"}]}<\/script>\n<!-- \/ Yoast SEO plugin. -->","yoast_head_json":{"title":"\u017byczenia \u015awi\u0105teczne 2018 - OGRODY DZIA\u0141KOWE S\u0141ONECZNA POLANA PAWLIKOWICE","robots":{"index":"index","follow":"follow","max-snippet":"max-snippet:-1","max-image-preview":"max-image-preview:large","max-video-preview":"max-video-preview:-1"},"canonical":"https:\/\/rodslonecznapolana.pl\/index.php\/2018\/12\/15\/zyczenia-swiateczne-2018\/","og_locale":"pl_PL","og_type":"article","og_title":"\u017byczenia \u015awi\u0105teczne 2018 - OGRODY DZIA\u0141KOWE S\u0141ONECZNA POLANA PAWLIKOWICE","og_description":"Z okazji zbli\u017caj\u0105cych si\u0119 \u015awi\u0105t Bo\u017cego Narodzenia oraz Nowego 2019 Roku, Dzia\u0142kowcom i Waszym\u00a0Rodzinom, zdrowia, wszelkiej pomy\u015blno\u015bci, du\u017co si\u0142 i zapa\u0142u na nowy dzia\u0142kowy sezon, \u017cyczy Zarz\u0105d ROD S\u0142oneczna Polana","og_url":"https:\/\/rodslonecznapolana.pl\/index.php\/2018\/12\/15\/zyczenia-swiateczne-2018\/","og_site_name":"OGRODY DZIA\u0141KOWE S\u0141ONECZNA POLANA PAWLIKOWICE","article_published_time":"2018-12-15T13:51:20+00:00","article_modified_time":"2018-12-15T13:51:27+00:00","og_image":[{"width":700,"height":480,"url":"https:\/\/rodslonecznapolana.pl\/wp-content\/uploads\/2018\/12\/unnamed.gif","type":"image\/gif"}],"author":"slonecznapolanarod@gmail.com","twitter_card":"summary_large_image","twitter_misc":{"Napisane przez":"slonecznapolanarod@gmail.com"},"schema":{"@context":"https:\/\/schema.org","@graph":[{"@type":"WebPage","@id":"https:\/\/rodslonecznapolana.pl\/index.php\/2018\/12\/15\/zyczenia-swiateczne-2018\/","url":"https:\/\/rodslonecznapolana.pl\/index.php\/2018\/12\/15\/zyczenia-swiateczne-2018\/","name":"\u017byczenia \u015awi\u0105teczne 2018 - OGRODY DZIA\u0141KOWE S\u0141ONECZNA POLANA PAWLIKOWICE","isPartOf":{"@id":"https:\/\/rodslonecznapolana.pl\/#website"},"primaryImageOfPage":{"@id":"https:\/\/rodslonecznapolana.pl\/index.php\/2018\/12\/15\/zyczenia-swiateczne-2018\/#primaryimage"},"image":{"@id":"https:\/\/rodslonecznapolana.pl\/index.php\/2018\/12\/15\/zyczenia-swiateczne-2018\/#primaryimage"},"thumbnailUrl":"https:\/\/rodslonecznapolana.pl\/wp-content\/uploads\/2018\/12\/unnamed.gif","datePublished":"2018-12-15T13:51:20+00:00","dateModified":"2018-12-15T13:51:27+00:00","author":{"@id":"https:\/\/rodslonecznapolana.pl\/#\/schema\/person\/e1f11991694e9fa7757769079fa1c460"},"breadcrumb":{"@id":"https:\/\/rodslonecznapolana.pl\/index.php\/2018\/12\/15\/zyczenia-swiateczne-2018\/#breadcrumb"},"inLanguage":"pl-PL","potentialAction":[{"@type":"ReadAction","target":["https:\/\/rodslonecznapolana.pl\/index.php\/2018\/12\/15\/zyczenia-swiateczne-2018\/"]}]},{"@type":"ImageObject","inLanguage":"pl-PL","@id":"https:\/\/rodslonecznapolana.pl\/index.php\/2018\/12\/15\/zyczenia-swiateczne-2018\/#primaryimage","url":"https:\/\/rodslonecznapolana.pl\/wp-content\/uploads\/2018\/12\/unnamed.gif","contentUrl":"https:\/\/rodslonecznapolana.pl\/wp-content\/uploads\/2018\/12\/unnamed.gif","width":700,"height":480},{"@type":"BreadcrumbList","@id":"https:\/\/rodslonecznapolana.pl\/index.php\/2018\/12\/15\/zyczenia-swiateczne-2018\/#breadcrumb","itemListElement":[{"@type":"ListItem","position":1,"name":"Strona g\u0142\u00f3wna","item":"https:\/\/rodslonecznapolana.pl\/"},{"@type":"ListItem","position":2,"name":"\u017byczenia \u015awi\u0105teczne 2018"}]},{"@type":"WebSite","@id":"https:\/\/rodslonecznapolana.pl\/#website","url":"https:\/\/rodslonecznapolana.pl\/","name":"OGRODY DZIA\u0141KOWE S\u0141ONECZNA POLANA PAWLIKOWICE","description":"","potentialAction":[{"@type":"SearchAction","target":{"@type":"EntryPoint","urlTemplate":"https:\/\/rodslonecznapolana.pl\/?s={search_term_string}"},"query-input":"required name=search_term_string"}],"inLanguage":"pl-PL"},{"@type":"Person","@id":"https:\/\/rodslonecznapolana.pl\/#\/schema\/person\/e1f11991694e9fa7757769079fa1c460","name":"slonecznapolanarod@gmail.com","image":{"@type":"ImageObject","inLanguage":"pl-PL","@id":"https:\/\/rodslonecznapolana.pl\/#\/schema\/person\/image\/","url":"https:\/\/secure.gravatar.com\/avatar\/4e1b7da00bbbef286abc5d10e669a6f0?s=96&d=mm&r=g","contentUrl":"https:\/\/secure.gravatar.com\/avatar\/4e1b7da00bbbef286abc5d10e669a6f0?s=96&d=mm&r=g","caption":"slonecznapolanarod@gmail.com"},"url":"https:\/\/rodslonecznapolana.pl\/index.php\/author\/slonecznapolanarodgmail-com\/"}]}},"_links":{"self":[{"href":"https:\/\/rodslonecznapolana.pl\/index.php\/wp-json\/wp\/v2\/posts\/1084"}],"collection":[{"href":"https:\/\/rodslonecznapolana.pl\/index.php\/wp-json\/wp\/v2\/posts"}],"about":[{"href":"https:\/\/rodslonecznapolana.pl\/index.php\/wp-json\/wp\/v2\/types\/post"}],"author":[{"embeddable":true,"href":"https:\/\/rodslonecznapolana.pl\/index.php\/wp-json\/wp\/v2\/users\/2"}],"replies":[{"embeddable":true,"href":"https:\/\/rodslonecznapolana.pl\/index.php\/wp-json\/wp\/v2\/comments?post=1084"}],"version-history":[{"count":12,"href":"https:\/\/rodslonecznapolana.pl\/index.php\/wp-json\/wp\/v2\/posts\/1084\/revisions"}],"predecessor-version":[{"id":1097,"href":"https:\/\/rodslonecznapolana.pl\/index.php\/wp-json\/wp\/v2\/posts\/1084\/revisions\/1097"}],"wp:featuredmedia":[{"embeddable":true,"href":"https:\/\/rodslonecznapolana.pl\/index.php\/wp-json\/wp\/v2\/media\/1098"}],"wp:attachment":[{"href":"https:\/\/rodslonecznapolana.pl\/index.php\/wp-json\/wp\/v2\/media?parent=1084"}],"wp:term":[{"taxonomy":"category","embeddable":true,"href":"https:\/\/rodslonecznapolana.pl\/index.php\/wp-json\/wp\/v2\/categories?post=1084"},{"taxonomy":"post_tag","embeddable":true,"href":"https:\/\/rodslonecznapolana.pl\/index.php\/wp-json\/wp\/v2\/tags?post=1084"}],"curies":[{"name":"wp","href":"https:\/\/api.w.org\/{rel}","templated":true}]}}