{"id":1112,"date":"2019-04-08T22:05:23","date_gmt":"2019-04-08T20:05:23","guid":{"rendered":"http:\/\/rodslonecznapolana.pl\/?p=1112"},"modified":"2019-04-08T23:24:17","modified_gmt":"2019-04-08T21:24:17","slug":"oplaty-2019","status":"publish","type":"post","link":"https:\/\/rodslonecznapolana.pl\/index.php\/2019\/04\/08\/oplaty-2019\/","title":{"rendered":"OP\u0141ATY 2019"},"content":{"rendered":"<p style=\"text-align: center;\"><span style=\"color: #000080; font-size: 14pt;\"><strong>W dniu 6 kwietnia 2019 roku Walne Zebranie Sprawozdawczo -Wyborcze\u00a0<\/strong><strong>cz\u0142onk\u00f3w stowarzyszenia ogrodowego PZD<br \/>\nw ROD \u201eS\u0142oneczna Polana\u201d <\/strong><strong>w Pawlikowicach podj\u0119\u0142o uchwa\u0142y w sprawach:<\/strong><\/span><\/p>\n<hr \/>\n<p style=\"text-align: left;\"><span style=\"font-size: 12pt; color: #000080; font-family: 'comic sans ms', sans-serif;\"><i>Nr 1 Zatwierdzenia sprawozdania z dzia\u0142alno\u015bci Zarz\u0105du ROD w 2018 roku oraz za kadencj\u0119<\/i><\/span><\/p>\n<p style=\"text-align: left;\"><span style=\"font-size: 12pt; color: #000080; font-family: 'comic sans ms', sans-serif;\"><i>Nr 2 Zatwierdzenia sprawozdania finansowego za 2018 rok,<\/i><\/span><\/p>\n<p style=\"text-align: left;\"><span style=\"font-size: 12pt; color: #000080; font-family: 'comic sans ms', sans-serif;\"><i>Nr 3 Udzielenia\u00a0 absolutorium dla ust\u0119puj\u0105cego Zarz\u0105du,<\/i><\/span><\/p>\n<p style=\"text-align: left;\"><span style=\"font-size: 12pt; color: #000080; font-family: 'comic sans ms', sans-serif;\"><i>Nr 4 Zatwierdzenia sprawozdania z dzia\u0142alno\u015bci Komisji Rewizyjnej ROD\u00a0 w 2018 roku i za kadencj\u0119,<\/i><\/span><\/p>\n<p style=\"text-align: left;\"><span style=\"font-size: 12pt; color: #000080; font-family: 'comic sans ms', sans-serif;\"><i>Nr 5 Ustalenia sk\u0142ad\u00f3w liczbowych Zarz\u0105du ROD i Komisji Rewizyjnej ROD,<\/i><\/span><\/p>\n<p align=\"JUSTIFY\"><span style=\"font-size: 12pt; color: #000080; font-family: 'comic sans ms', sans-serif;\"><i>Nr 6 Wynik\u00f3w wybor\u00f3w Zarz\u0105du ROD, Komisji Rewizyjnej ROD i delegata na Okr\u0119gowy Zjazd Delegat\u00f3w PZD,<\/i><\/span><\/p>\n<p align=\"JUSTIFY\"><span style=\"font-size: 12pt; color: #000080; font-family: 'comic sans ms', sans-serif;\"><i>Nr 7 Uchwalenia op\u0142at ogrodowych i terminu ich wnoszenia w 2019 roku.<\/i><\/span><\/p>\n<p align=\"JUSTIFY\"><span style=\"font-size: 12pt; color: #000080; font-family: 'comic sans ms', sans-serif;\"><i>Nr\u00a0 8 Uchwalenia op\u0142aty za pob\u00f3r w\u00f3d i terminu jej wnoszenia<\/i><\/span><\/p>\n<p align=\"JUSTIFY\"><span style=\"font-size: 12pt; color: #000080; font-family: 'comic sans ms', sans-serif;\"><i>Nr 9 Uchwalenia planu pracy na 2019 rok i programu dzia\u0142ania na okres kadencji.<\/i><\/span><\/p>\n<p align=\"JUSTIFY\"><span style=\"font-size: 12pt; font-family: 'comic sans ms', sans-serif;\"><span style=\"color: #000080;\"><i>Nr 10 Uchwalenia preliminarza finans<\/i><\/span><span style=\"color: #000080;\"><i>owego na 2019 rok<\/i><\/span><\/span><\/p>\n<hr \/>\n<p><span style=\"color: #000080;\"><strong>Op\u0142aty w 2019 roku i terminy wnoszenia wp\u0142at<\/strong><\/span><\/p>\n<ul>\n<li><span style=\"color: #000080;\"><strong>Sk\u0142adka cz\u0142onkowska<\/strong>\u00a0 \u00a0 \u00a0 \u2013\u00a0\u00a0<span style=\"text-decoration: underline;\"><strong><span style=\"font-size: 14pt;\">6,00 z<\/span>\u0142<\/strong>\u00a0<\/span>od cz\u0142onka\u00a0 (w przypadku ma\u0142\u017conk\u00f3w po 3z\u0142 ka\u017cdy \u2013 \u00a7149 Statutu PZD)\u00a0<strong>TERMIN WP\u0141ATY DO 30.06.2019<\/strong><\/span><\/li>\n<\/ul>\n<p>&nbsp;<\/p>\n<ul>\n<li><span style=\"color: #000080;\"><strong>Op\u0142ata ogrodowa<\/strong>\u00a0 \u00a0 \u00a0 \u00a0 \u00a0 \u00a0 \u00a0 \u00a0\u2013 \u00a0<strong><span style=\"text-decoration: underline;\"><span style=\"font-size: 14pt;\">0,78 z\u0142<\/span>\/m2<\/span> pow. dzia\u0142ki\u00a0 w tym:<\/strong><\/span><\/li>\n<\/ul>\n<p><span style=\"color: #000080;\"><strong>\u2013\u00a0<\/strong>\u00a0wydatki na utrzymanie porz\u0105dku i czysto\u015bci -0,22 z\u0142\/m2<\/span><br \/>\n<span style=\"color: #000080;\"> <strong>\u2013\u00a0<\/strong>\u00a0bie\u017c\u0105c\u0105 konserwacj\u0119 infrastruktury ogrodowej \u00a0-0,18 z\u0142\/m2<\/span><br \/>\n<span style=\"color: #000080;\"> <strong>\u2013<\/strong>\u00a0\u00a0op\u0142aty za dostaw\u0119 energii elektrycznej w cz\u0119\u015bci\u00a0 dotycz\u0105cej terenu og\u00f3lnego i infrastruktury ogrodowej \u2013 0,06 z\u0142\/m2<\/span><br \/>\n<span style=\"color: #000080;\"> <strong>\u2013\u00a0<\/strong>\u00a0ubezpieczenia, podatki i inne op\u0142aty publicznoprawne -0,02 z\u0142\/m2<\/span><br \/>\n<span style=\"color: #000080;\"> <strong>\u2013\u00a0<\/strong>\u00a0zarz\u0105dzanie ROD -0,22 z\u0142\/m2<\/span><br \/>\n<span style=\"color: #000080;\"> <strong>\u2013<\/strong>\u00a0\u00a0partycypacja ROD w kosztach PZD (\u00a7 145 ust. 2 statutu PZD) -0,08 z\u0142\/m2<\/span><\/p>\n<p><span style=\"color: #000080;\"><strong>TERMIN WP\u0141ATY DO 31.05.2019<\/strong><\/span><\/p>\n<ul>\n<li><span style=\"color: #000080;\"><strong>Op\u0142ata wodna -pob\u00f3r wody\u00a0<\/strong>\u00a0 \u2013\u00a0\u00a0<strong><strong><span style=\"text-decoration: underline;\"><span style=\"font-size: 14pt;\">20,00\u00a0<\/span>z\u0142 od dzia\u0142ki<\/span><\/strong><br \/>\nTERMIN WP\u0141ATY DO 30.06.2019<br \/>\n<\/strong><\/span><\/li>\n<\/ul>\n<p><span style=\"color: #000080;\"><strong>Od nieterminowych wp\u0142at naliczane s\u0105 ustawowe odsetki<\/strong><\/span><\/p>\n<p style=\"text-align: center;\"><span style=\"color: #000080;\"><strong><u>Konto bankowe<\/u><\/strong><\/span><\/p>\n<p style=\"text-align: center;\"><span style=\"color: #000080;\">Zgodnie z \u00a7 149 ust.<strong>1<\/strong> Statutu PZD<\/span><\/p>\n<p style=\"text-align: center;\"><span style=\"color: #000080;\">Zarz\u0105d ROD przyjmuje od Dzia\u0142kowc\u00f3w wszystkie op\u0142aty na konto bankowe<\/span><\/p>\n<p style=\"text-align: center;\"><span style=\"color: #000080; font-size: 24pt;\"><strong>50 8788 0009 0000 1094 2010 0002<\/strong><\/span><\/p>\n<p style=\"text-align: center;\"><span style=\"color: #000080;\">Zgodnie z \u00a7 149 ust.<strong>2<\/strong> Statutu PZD<\/span><\/p>\n<p style=\"text-align: center;\"><span style=\"color: #000080;\">tylko w uzasadnionych przypadkach Dzia\u0142kowicz mo\u017ce dokona\u0107 wp\u0142aty do kasy ROD<\/span><\/p>\n<p style=\"text-align: center;\"><strong>DO KASY ZAPRASZAMY W DNIACH:<\/strong><\/p>\n<p style=\"text-align: center;\"><span style=\"color: #800080;\"><strong>03.05.2019 godz.12.00-13.00<\/strong><strong>\u00a0 \u00a0 \u00a0 \u00a0 \u00a0 \u00a0 \u00a0 \u00a0 \u00a0 \u00a0 \u00a0 \u00a0 \u00a0 \u00a030.06.2019 godz.12.00-13.00<\/strong><\/span><\/p>\n<p style=\"text-align: center;\"><span style=\"color: #800080;\"><strong>25.05.2019 godz.15.00-16.00<\/strong><strong>\u00a0 \u00a0 \u00a0 \u00a0 \u00a0 \u00a0 \u00a0 \u00a0 \u00a0 \u00a0 \u00a0 \u00a0 \u00a0 \u00a027.07.2019 godz.15.00-16.00<\/strong><\/span><\/p>\n<p style=\"text-align: center;\"><span style=\"color: #800080;\"><strong>09.06.2019 godz.12.00-13.00<\/strong><strong>\u00a0 \u00a0 \u00a0 \u00a0 \u00a0 \u00a0 \u00a0 \u00a0 \u00a0 \u00a0 \u00a0 \u00a0 \u00a0 \u00a031.08.2019 godz.15.00-16.00<\/strong><\/span><\/p>\n<p>&nbsp;<\/p>\n<p style=\"text-align: center;\"><a href=\"http:\/\/rodslonecznapolana.pl\/wp-content\/uploads\/2019\/04\/Op\u0142aty-w-2019-roku.pdf\"><strong><span style=\"font-size: 18pt;\">Tutaj sprawdzisz swoj\u0105 op\u0142at\u0119 w 2019 roku<\/span><\/strong><\/a><\/p>\n<p>&nbsp;<\/p>\n","protected":false},"excerpt":{"rendered":"<p>W dniu 6 kwietnia 2019 roku Walne Zebranie Sprawozdawczo -Wyborcze\u00a0cz\u0142onk\u00f3w stowarzyszenia ogrodowego PZD w ROD \u201eS\u0142oneczna Polana\u201d w Pawlikowicach podj\u0119\u0142o uchwa\u0142y w sprawach: Nr 1 Zatwierdzenia sprawozdania z dzia\u0142alno\u015bci Zarz\u0105du ROD w 2018 roku oraz za kadencj\u0119 Nr 2 Zatwierdzenia sprawozdania finansowego za 2018 rok, Nr 3 Udzielenia\u00a0 absolutorium dla ust\u0119puj\u0105cego Zarz\u0105du, Nr 4 Zatwierdzenia [&hellip;]<\/p>\n","protected":false},"author":5,"featured_media":1113,"comment_status":"closed","ping_status":"open","sticky":false,"template":"","format":"standard","meta":{"footnotes":""},"categories":[1],"tags":[],"yoast_head":"<!-- This site is optimized with the Yoast SEO plugin v22.6 - https:\/\/yoast.com\/wordpress\/plugins\/seo\/ -->\n<title>OP\u0141ATY 2019 - OGRODY DZIA\u0141KOWE S\u0141ONECZNA POLANA PAWLIKOWICE<\/title>\n<meta name=\"robots\" content=\"index, follow, max-snippet:-1, max-image-preview:large, max-video-preview:-1\" \/>\n<link rel=\"canonical\" href=\"https:\/\/rodslonecznapolana.pl\/index.php\/2019\/04\/08\/oplaty-2019\/\" \/>\n<meta property=\"og:locale\" content=\"pl_PL\" \/>\n<meta property=\"og:type\" content=\"article\" \/>\n<meta property=\"og:title\" content=\"OP\u0141ATY 2019 - OGRODY DZIA\u0141KOWE S\u0141ONECZNA POLANA PAWLIKOWICE\" \/>\n<meta property=\"og:description\" content=\"W dniu 6 kwietnia 2019 roku Walne Zebranie Sprawozdawczo -Wyborcze\u00a0cz\u0142onk\u00f3w stowarzyszenia ogrodowego PZD w ROD \u201eS\u0142oneczna Polana\u201d w Pawlikowicach podj\u0119\u0142o uchwa\u0142y w sprawach: Nr 1 Zatwierdzenia sprawozdania z dzia\u0142alno\u015bci Zarz\u0105du ROD w 2018 roku oraz za kadencj\u0119 Nr 2 Zatwierdzenia sprawozdania finansowego za 2018 rok, Nr 3 Udzielenia\u00a0 absolutorium dla ust\u0119puj\u0105cego Zarz\u0105du, Nr 4 Zatwierdzenia [&hellip;]\" \/>\n<meta property=\"og:url\" content=\"https:\/\/rodslonecznapolana.pl\/index.php\/2019\/04\/08\/oplaty-2019\/\" \/>\n<meta property=\"og:site_name\" content=\"OGRODY DZIA\u0141KOWE S\u0141ONECZNA POLANA PAWLIKOWICE\" \/>\n<meta property=\"article:published_time\" content=\"2019-04-08T20:05:23+00:00\" \/>\n<meta property=\"article:modified_time\" content=\"2019-04-08T21:24:17+00:00\" \/>\n<meta property=\"og:image\" content=\"https:\/\/rodslonecznapolana.pl\/wp-content\/uploads\/2019\/04\/33e18bd3-57f1-48de-8af2-6f7af645dc5a.jpg\" \/>\n\t<meta property=\"og:image:width\" content=\"1260\" \/>\n\t<meta property=\"og:image:height\" content=\"708\" \/>\n\t<meta property=\"og:image:type\" content=\"image\/jpeg\" \/>\n<meta name=\"author\" content=\"slonecznik\" \/>\n<meta name=\"twitter:card\" content=\"summary_large_image\" \/>\n<meta name=\"twitter:label1\" content=\"Napisane przez\" \/>\n\t<meta name=\"twitter:data1\" content=\"slonecznik\" \/>\n\t<meta name=\"twitter:label2\" content=\"Szacowany czas czytania\" \/>\n\t<meta name=\"twitter:data2\" content=\"2 minuty\" \/>\n<script type=\"application\/ld+json\" class=\"yoast-schema-graph\">{\"@context\":\"https:\/\/schema.org\",\"@graph\":[{\"@type\":\"WebPage\",\"@id\":\"https:\/\/rodslonecznapolana.pl\/index.php\/2019\/04\/08\/oplaty-2019\/\",\"url\":\"https:\/\/rodslonecznapolana.pl\/index.php\/2019\/04\/08\/oplaty-2019\/\",\"name\":\"OP\u0141ATY 2019 - OGRODY DZIA\u0141KOWE S\u0141ONECZNA POLANA PAWLIKOWICE\",\"isPartOf\":{\"@id\":\"https:\/\/rodslonecznapolana.pl\/#website\"},\"primaryImageOfPage\":{\"@id\":\"https:\/\/rodslonecznapolana.pl\/index.php\/2019\/04\/08\/oplaty-2019\/#primaryimage\"},\"image\":{\"@id\":\"https:\/\/rodslonecznapolana.pl\/index.php\/2019\/04\/08\/oplaty-2019\/#primaryimage\"},\"thumbnailUrl\":\"https:\/\/rodslonecznapolana.pl\/wp-content\/uploads\/2019\/04\/33e18bd3-57f1-48de-8af2-6f7af645dc5a.jpg\",\"datePublished\":\"2019-04-08T20:05:23+00:00\",\"dateModified\":\"2019-04-08T21:24:17+00:00\",\"author\":{\"@id\":\"https:\/\/rodslonecznapolana.pl\/#\/schema\/person\/66559cf230b67e88ec75ad6ef272e34e\"},\"breadcrumb\":{\"@id\":\"https:\/\/rodslonecznapolana.pl\/index.php\/2019\/04\/08\/oplaty-2019\/#breadcrumb\"},\"inLanguage\":\"pl-PL\",\"potentialAction\":[{\"@type\":\"ReadAction\",\"target\":[\"https:\/\/rodslonecznapolana.pl\/index.php\/2019\/04\/08\/oplaty-2019\/\"]}]},{\"@type\":\"ImageObject\",\"inLanguage\":\"pl-PL\",\"@id\":\"https:\/\/rodslonecznapolana.pl\/index.php\/2019\/04\/08\/oplaty-2019\/#primaryimage\",\"url\":\"https:\/\/rodslonecznapolana.pl\/wp-content\/uploads\/2019\/04\/33e18bd3-57f1-48de-8af2-6f7af645dc5a.jpg\",\"contentUrl\":\"https:\/\/rodslonecznapolana.pl\/wp-content\/uploads\/2019\/04\/33e18bd3-57f1-48de-8af2-6f7af645dc5a.jpg\",\"width\":1260,\"height\":708},{\"@type\":\"BreadcrumbList\",\"@id\":\"https:\/\/rodslonecznapolana.pl\/index.php\/2019\/04\/08\/oplaty-2019\/#breadcrumb\",\"itemListElement\":[{\"@type\":\"ListItem\",\"position\":1,\"name\":\"Strona g\u0142\u00f3wna\",\"item\":\"https:\/\/rodslonecznapolana.pl\/\"},{\"@type\":\"ListItem\",\"position\":2,\"name\":\"OP\u0141ATY 2019\"}]},{\"@type\":\"WebSite\",\"@id\":\"https:\/\/rodslonecznapolana.pl\/#website\",\"url\":\"https:\/\/rodslonecznapolana.pl\/\",\"name\":\"OGRODY DZIA\u0141KOWE S\u0141ONECZNA POLANA PAWLIKOWICE\",\"description\":\"\",\"potentialAction\":[{\"@type\":\"SearchAction\",\"target\":{\"@type\":\"EntryPoint\",\"urlTemplate\":\"https:\/\/rodslonecznapolana.pl\/?s={search_term_string}\"},\"query-input\":\"required name=search_term_string\"}],\"inLanguage\":\"pl-PL\"},{\"@type\":\"Person\",\"@id\":\"https:\/\/rodslonecznapolana.pl\/#\/schema\/person\/66559cf230b67e88ec75ad6ef272e34e\",\"name\":\"slonecznik\",\"image\":{\"@type\":\"ImageObject\",\"inLanguage\":\"pl-PL\",\"@id\":\"https:\/\/rodslonecznapolana.pl\/#\/schema\/person\/image\/\",\"url\":\"https:\/\/secure.gravatar.com\/avatar\/3d1c4307f1fe2c664265d6f401c256ef?s=96&d=mm&r=g\",\"contentUrl\":\"https:\/\/secure.gravatar.com\/avatar\/3d1c4307f1fe2c664265d6f401c256ef?s=96&d=mm&r=g\",\"caption\":\"slonecznik\"},\"url\":\"https:\/\/rodslonecznapolana.pl\/index.php\/author\/slonecznik\/\"}]}<\/script>\n<!-- \/ Yoast SEO plugin. -->","yoast_head_json":{"title":"OP\u0141ATY 2019 - OGRODY DZIA\u0141KOWE S\u0141ONECZNA POLANA PAWLIKOWICE","robots":{"index":"index","follow":"follow","max-snippet":"max-snippet:-1","max-image-preview":"max-image-preview:large","max-video-preview":"max-video-preview:-1"},"canonical":"https:\/\/rodslonecznapolana.pl\/index.php\/2019\/04\/08\/oplaty-2019\/","og_locale":"pl_PL","og_type":"article","og_title":"OP\u0141ATY 2019 - OGRODY DZIA\u0141KOWE S\u0141ONECZNA POLANA PAWLIKOWICE","og_description":"W dniu 6 kwietnia 2019 roku Walne Zebranie Sprawozdawczo -Wyborcze\u00a0cz\u0142onk\u00f3w stowarzyszenia ogrodowego PZD w ROD \u201eS\u0142oneczna Polana\u201d w Pawlikowicach podj\u0119\u0142o uchwa\u0142y w sprawach: Nr 1 Zatwierdzenia sprawozdania z dzia\u0142alno\u015bci Zarz\u0105du ROD w 2018 roku oraz za kadencj\u0119 Nr 2 Zatwierdzenia sprawozdania finansowego za 2018 rok, Nr 3 Udzielenia\u00a0 absolutorium dla ust\u0119puj\u0105cego Zarz\u0105du, Nr 4 Zatwierdzenia [&hellip;]","og_url":"https:\/\/rodslonecznapolana.pl\/index.php\/2019\/04\/08\/oplaty-2019\/","og_site_name":"OGRODY DZIA\u0141KOWE S\u0141ONECZNA POLANA PAWLIKOWICE","article_published_time":"2019-04-08T20:05:23+00:00","article_modified_time":"2019-04-08T21:24:17+00:00","og_image":[{"width":1260,"height":708,"url":"https:\/\/rodslonecznapolana.pl\/wp-content\/uploads\/2019\/04\/33e18bd3-57f1-48de-8af2-6f7af645dc5a.jpg","type":"image\/jpeg"}],"author":"slonecznik","twitter_card":"summary_large_image","twitter_misc":{"Napisane przez":"slonecznik","Szacowany czas czytania":"2 minuty"},"schema":{"@context":"https:\/\/schema.org","@graph":[{"@type":"WebPage","@id":"https:\/\/rodslonecznapolana.pl\/index.php\/2019\/04\/08\/oplaty-2019\/","url":"https:\/\/rodslonecznapolana.pl\/index.php\/2019\/04\/08\/oplaty-2019\/","name":"OP\u0141ATY 2019 - OGRODY DZIA\u0141KOWE S\u0141ONECZNA POLANA PAWLIKOWICE","isPartOf":{"@id":"https:\/\/rodslonecznapolana.pl\/#website"},"primaryImageOfPage":{"@id":"https:\/\/rodslonecznapolana.pl\/index.php\/2019\/04\/08\/oplaty-2019\/#primaryimage"},"image":{"@id":"https:\/\/rodslonecznapolana.pl\/index.php\/2019\/04\/08\/oplaty-2019\/#primaryimage"},"thumbnailUrl":"https:\/\/rodslonecznapolana.pl\/wp-content\/uploads\/2019\/04\/33e18bd3-57f1-48de-8af2-6f7af645dc5a.jpg","datePublished":"2019-04-08T20:05:23+00:00","dateModified":"2019-04-08T21:24:17+00:00","author":{"@id":"https:\/\/rodslonecznapolana.pl\/#\/schema\/person\/66559cf230b67e88ec75ad6ef272e34e"},"breadcrumb":{"@id":"https:\/\/rodslonecznapolana.pl\/index.php\/2019\/04\/08\/oplaty-2019\/#breadcrumb"},"inLanguage":"pl-PL","potentialAction":[{"@type":"ReadAction","target":["https:\/\/rodslonecznapolana.pl\/index.php\/2019\/04\/08\/oplaty-2019\/"]}]},{"@type":"ImageObject","inLanguage":"pl-PL","@id":"https:\/\/rodslonecznapolana.pl\/index.php\/2019\/04\/08\/oplaty-2019\/#primaryimage","url":"https:\/\/rodslonecznapolana.pl\/wp-content\/uploads\/2019\/04\/33e18bd3-57f1-48de-8af2-6f7af645dc5a.jpg","contentUrl":"https:\/\/rodslonecznapolana.pl\/wp-content\/uploads\/2019\/04\/33e18bd3-57f1-48de-8af2-6f7af645dc5a.jpg","width":1260,"height":708},{"@type":"BreadcrumbList","@id":"https:\/\/rodslonecznapolana.pl\/index.php\/2019\/04\/08\/oplaty-2019\/#breadcrumb","itemListElement":[{"@type":"ListItem","position":1,"name":"Strona g\u0142\u00f3wna","item":"https:\/\/rodslonecznapolana.pl\/"},{"@type":"ListItem","position":2,"name":"OP\u0141ATY 2019"}]},{"@type":"WebSite","@id":"https:\/\/rodslonecznapolana.pl\/#website","url":"https:\/\/rodslonecznapolana.pl\/","name":"OGRODY DZIA\u0141KOWE S\u0141ONECZNA POLANA PAWLIKOWICE","description":"","potentialAction":[{"@type":"SearchAction","target":{"@type":"EntryPoint","urlTemplate":"https:\/\/rodslonecznapolana.pl\/?s={search_term_string}"},"query-input":"required name=search_term_string"}],"inLanguage":"pl-PL"},{"@type":"Person","@id":"https:\/\/rodslonecznapolana.pl\/#\/schema\/person\/66559cf230b67e88ec75ad6ef272e34e","name":"slonecznik","image":{"@type":"ImageObject","inLanguage":"pl-PL","@id":"https:\/\/rodslonecznapolana.pl\/#\/schema\/person\/image\/","url":"https:\/\/secure.gravatar.com\/avatar\/3d1c4307f1fe2c664265d6f401c256ef?s=96&d=mm&r=g","contentUrl":"https:\/\/secure.gravatar.com\/avatar\/3d1c4307f1fe2c664265d6f401c256ef?s=96&d=mm&r=g","caption":"slonecznik"},"url":"https:\/\/rodslonecznapolana.pl\/index.php\/author\/slonecznik\/"}]}},"_links":{"self":[{"href":"https:\/\/rodslonecznapolana.pl\/index.php\/wp-json\/wp\/v2\/posts\/1112"}],"collection":[{"href":"https:\/\/rodslonecznapolana.pl\/index.php\/wp-json\/wp\/v2\/posts"}],"about":[{"href":"https:\/\/rodslonecznapolana.pl\/index.php\/wp-json\/wp\/v2\/types\/post"}],"author":[{"embeddable":true,"href":"https:\/\/rodslonecznapolana.pl\/index.php\/wp-json\/wp\/v2\/users\/5"}],"replies":[{"embeddable":true,"href":"https:\/\/rodslonecznapolana.pl\/index.php\/wp-json\/wp\/v2\/comments?post=1112"}],"version-history":[{"count":8,"href":"https:\/\/rodslonecznapolana.pl\/index.php\/wp-json\/wp\/v2\/posts\/1112\/revisions"}],"predecessor-version":[{"id":1124,"href":"https:\/\/rodslonecznapolana.pl\/index.php\/wp-json\/wp\/v2\/posts\/1112\/revisions\/1124"}],"wp:featuredmedia":[{"embeddable":true,"href":"https:\/\/rodslonecznapolana.pl\/index.php\/wp-json\/wp\/v2\/media\/1113"}],"wp:attachment":[{"href":"https:\/\/rodslonecznapolana.pl\/index.php\/wp-json\/wp\/v2\/media?parent=1112"}],"wp:term":[{"taxonomy":"category","embeddable":true,"href":"https:\/\/rodslonecznapolana.pl\/index.php\/wp-json\/wp\/v2\/categories?post=1112"},{"taxonomy":"post_tag","embeddable":true,"href":"https:\/\/rodslonecznapolana.pl\/index.php\/wp-json\/wp\/v2\/tags?post=1112"}],"curies":[{"name":"wp","href":"https:\/\/api.w.org\/{rel}","templated":true}]}}