{"id":1176,"date":"2019-12-17T20:37:26","date_gmt":"2019-12-17T19:37:26","guid":{"rendered":"http:\/\/rodslonecznapolana.pl\/?p=1176"},"modified":"2019-12-17T20:37:26","modified_gmt":"2019-12-17T19:37:26","slug":"swieta-swieta-swieta","status":"publish","type":"post","link":"https:\/\/rodslonecznapolana.pl\/index.php\/2019\/12\/17\/swieta-swieta-swieta\/","title":{"rendered":"\u015awi\u0119ta, \u015bwi\u0119ta, \u015bwi\u0119ta &#8230;."},"content":{"rendered":"<p><img loading=\"lazy\" decoding=\"async\" class=\"wp-image-1177 aligncenter\" src=\"http:\/\/rodslonecznapolana.pl\/wp-content\/uploads\/2019\/12\/images.jpg\" alt=\"\" width=\"223\" height=\"183\" \/><\/p>\n<p style=\"text-align: center;\"><strong><span style=\"font-size: 18pt; color: #800000;\">Z okazji nadchodz\u0105cych \u015awi\u0105t Bo\u017cego Narodzenia oraz Nowego 2020 Roku, <\/span><\/strong><\/p>\n<p style=\"text-align: center;\"><strong><span style=\"font-size: 18pt; color: #800000;\">Dzia\u0142kowcom i Waszym Rodzinom, <\/span><\/strong><\/p>\n<p style=\"text-align: center;\"><strong><span style=\"font-size: 18pt; color: #800000;\">zdrowia, wszelkiej pomy\u015blno\u015bci oraz wielu wspania\u0142ych pomys\u0142\u00f3w na upi\u0119kszanie dzia\u0142ek,<\/span><\/strong><\/p>\n<p style=\"text-align: right;\"><strong><span style=\"font-size: 18pt; color: #800000;\"> a tym samym i Ogrodu, \u017cyczy<\/span><\/strong><\/p>\n<p>&nbsp;<\/p>\n<p style=\"text-align: right;\"><span style=\"font-size: 14pt;\"><em><span style=\"color: #003300;\">Zarz\u0105d ROD S\u0142oneczna Polana<\/span><\/em><\/span><\/p>\n","protected":false},"excerpt":{"rendered":"<p>Z okazji nadchodz\u0105cych \u015awi\u0105t Bo\u017cego Narodzenia oraz Nowego 2020 Roku, Dzia\u0142kowcom i Waszym Rodzinom, zdrowia, wszelkiej pomy\u015blno\u015bci oraz wielu wspania\u0142ych pomys\u0142\u00f3w na upi\u0119kszanie dzia\u0142ek, a tym samym i Ogrodu, \u017cyczy &nbsp; Zarz\u0105d ROD S\u0142oneczna Polana<\/p>\n","protected":false},"author":5,"featured_media":1178,"comment_status":"closed","ping_status":"open","sticky":false,"template":"","format":"standard","meta":{"footnotes":""},"categories":[1],"tags":[],"yoast_head":"<!-- This site is optimized with the Yoast SEO plugin v22.6 - https:\/\/yoast.com\/wordpress\/plugins\/seo\/ -->\n<title>\u015awi\u0119ta, \u015bwi\u0119ta, \u015bwi\u0119ta .... - OGRODY DZIA\u0141KOWE S\u0141ONECZNA POLANA PAWLIKOWICE<\/title>\n<meta name=\"robots\" content=\"index, follow, max-snippet:-1, max-image-preview:large, max-video-preview:-1\" \/>\n<link rel=\"canonical\" href=\"https:\/\/rodslonecznapolana.pl\/index.php\/2019\/12\/17\/swieta-swieta-swieta\/\" \/>\n<meta property=\"og:locale\" content=\"pl_PL\" \/>\n<meta property=\"og:type\" content=\"article\" \/>\n<meta property=\"og:title\" content=\"\u015awi\u0119ta, \u015bwi\u0119ta, \u015bwi\u0119ta .... - OGRODY DZIA\u0141KOWE S\u0141ONECZNA POLANA PAWLIKOWICE\" \/>\n<meta property=\"og:description\" content=\"Z okazji nadchodz\u0105cych \u015awi\u0105t Bo\u017cego Narodzenia oraz Nowego 2020 Roku, Dzia\u0142kowcom i Waszym Rodzinom, zdrowia, wszelkiej pomy\u015blno\u015bci oraz wielu wspania\u0142ych pomys\u0142\u00f3w na upi\u0119kszanie dzia\u0142ek, a tym samym i Ogrodu, \u017cyczy &nbsp; Zarz\u0105d ROD S\u0142oneczna Polana\" \/>\n<meta property=\"og:url\" content=\"https:\/\/rodslonecznapolana.pl\/index.php\/2019\/12\/17\/swieta-swieta-swieta\/\" \/>\n<meta property=\"og:site_name\" content=\"OGRODY DZIA\u0141KOWE S\u0141ONECZNA POLANA PAWLIKOWICE\" \/>\n<meta property=\"article:published_time\" content=\"2019-12-17T19:37:26+00:00\" \/>\n<meta property=\"og:image\" content=\"https:\/\/rodslonecznapolana.pl\/wp-content\/uploads\/2019\/12\/decoration-314951_1280.jpg\" \/>\n\t<meta property=\"og:image:width\" content=\"1280\" \/>\n\t<meta property=\"og:image:height\" content=\"847\" \/>\n\t<meta property=\"og:image:type\" content=\"image\/jpeg\" \/>\n<meta name=\"author\" content=\"slonecznik\" \/>\n<meta name=\"twitter:card\" content=\"summary_large_image\" \/>\n<meta name=\"twitter:label1\" content=\"Napisane przez\" \/>\n\t<meta name=\"twitter:data1\" content=\"slonecznik\" \/>\n<script type=\"application\/ld+json\" class=\"yoast-schema-graph\">{\"@context\":\"https:\/\/schema.org\",\"@graph\":[{\"@type\":\"WebPage\",\"@id\":\"https:\/\/rodslonecznapolana.pl\/index.php\/2019\/12\/17\/swieta-swieta-swieta\/\",\"url\":\"https:\/\/rodslonecznapolana.pl\/index.php\/2019\/12\/17\/swieta-swieta-swieta\/\",\"name\":\"\u015awi\u0119ta, \u015bwi\u0119ta, \u015bwi\u0119ta .... - OGRODY DZIA\u0141KOWE S\u0141ONECZNA POLANA PAWLIKOWICE\",\"isPartOf\":{\"@id\":\"https:\/\/rodslonecznapolana.pl\/#website\"},\"primaryImageOfPage\":{\"@id\":\"https:\/\/rodslonecznapolana.pl\/index.php\/2019\/12\/17\/swieta-swieta-swieta\/#primaryimage\"},\"image\":{\"@id\":\"https:\/\/rodslonecznapolana.pl\/index.php\/2019\/12\/17\/swieta-swieta-swieta\/#primaryimage\"},\"thumbnailUrl\":\"https:\/\/rodslonecznapolana.pl\/wp-content\/uploads\/2019\/12\/decoration-314951_1280.jpg\",\"datePublished\":\"2019-12-17T19:37:26+00:00\",\"dateModified\":\"2019-12-17T19:37:26+00:00\",\"author\":{\"@id\":\"https:\/\/rodslonecznapolana.pl\/#\/schema\/person\/66559cf230b67e88ec75ad6ef272e34e\"},\"breadcrumb\":{\"@id\":\"https:\/\/rodslonecznapolana.pl\/index.php\/2019\/12\/17\/swieta-swieta-swieta\/#breadcrumb\"},\"inLanguage\":\"pl-PL\",\"potentialAction\":[{\"@type\":\"ReadAction\",\"target\":[\"https:\/\/rodslonecznapolana.pl\/index.php\/2019\/12\/17\/swieta-swieta-swieta\/\"]}]},{\"@type\":\"ImageObject\",\"inLanguage\":\"pl-PL\",\"@id\":\"https:\/\/rodslonecznapolana.pl\/index.php\/2019\/12\/17\/swieta-swieta-swieta\/#primaryimage\",\"url\":\"https:\/\/rodslonecznapolana.pl\/wp-content\/uploads\/2019\/12\/decoration-314951_1280.jpg\",\"contentUrl\":\"https:\/\/rodslonecznapolana.pl\/wp-content\/uploads\/2019\/12\/decoration-314951_1280.jpg\",\"width\":1280,\"height\":847},{\"@type\":\"BreadcrumbList\",\"@id\":\"https:\/\/rodslonecznapolana.pl\/index.php\/2019\/12\/17\/swieta-swieta-swieta\/#breadcrumb\",\"itemListElement\":[{\"@type\":\"ListItem\",\"position\":1,\"name\":\"Strona g\u0142\u00f3wna\",\"item\":\"https:\/\/rodslonecznapolana.pl\/\"},{\"@type\":\"ListItem\",\"position\":2,\"name\":\"\u015awi\u0119ta, \u015bwi\u0119ta, \u015bwi\u0119ta &#8230;.\"}]},{\"@type\":\"WebSite\",\"@id\":\"https:\/\/rodslonecznapolana.pl\/#website\",\"url\":\"https:\/\/rodslonecznapolana.pl\/\",\"name\":\"OGRODY DZIA\u0141KOWE S\u0141ONECZNA POLANA PAWLIKOWICE\",\"description\":\"\",\"potentialAction\":[{\"@type\":\"SearchAction\",\"target\":{\"@type\":\"EntryPoint\",\"urlTemplate\":\"https:\/\/rodslonecznapolana.pl\/?s={search_term_string}\"},\"query-input\":\"required name=search_term_string\"}],\"inLanguage\":\"pl-PL\"},{\"@type\":\"Person\",\"@id\":\"https:\/\/rodslonecznapolana.pl\/#\/schema\/person\/66559cf230b67e88ec75ad6ef272e34e\",\"name\":\"slonecznik\",\"image\":{\"@type\":\"ImageObject\",\"inLanguage\":\"pl-PL\",\"@id\":\"https:\/\/rodslonecznapolana.pl\/#\/schema\/person\/image\/\",\"url\":\"https:\/\/secure.gravatar.com\/avatar\/3d1c4307f1fe2c664265d6f401c256ef?s=96&d=mm&r=g\",\"contentUrl\":\"https:\/\/secure.gravatar.com\/avatar\/3d1c4307f1fe2c664265d6f401c256ef?s=96&d=mm&r=g\",\"caption\":\"slonecznik\"},\"url\":\"https:\/\/rodslonecznapolana.pl\/index.php\/author\/slonecznik\/\"}]}<\/script>\n<!-- \/ Yoast SEO plugin. -->","yoast_head_json":{"title":"\u015awi\u0119ta, \u015bwi\u0119ta, \u015bwi\u0119ta .... - OGRODY DZIA\u0141KOWE S\u0141ONECZNA POLANA PAWLIKOWICE","robots":{"index":"index","follow":"follow","max-snippet":"max-snippet:-1","max-image-preview":"max-image-preview:large","max-video-preview":"max-video-preview:-1"},"canonical":"https:\/\/rodslonecznapolana.pl\/index.php\/2019\/12\/17\/swieta-swieta-swieta\/","og_locale":"pl_PL","og_type":"article","og_title":"\u015awi\u0119ta, \u015bwi\u0119ta, \u015bwi\u0119ta .... - OGRODY DZIA\u0141KOWE S\u0141ONECZNA POLANA PAWLIKOWICE","og_description":"Z okazji nadchodz\u0105cych \u015awi\u0105t Bo\u017cego Narodzenia oraz Nowego 2020 Roku, Dzia\u0142kowcom i Waszym Rodzinom, zdrowia, wszelkiej pomy\u015blno\u015bci oraz wielu wspania\u0142ych pomys\u0142\u00f3w na upi\u0119kszanie dzia\u0142ek, a tym samym i Ogrodu, \u017cyczy &nbsp; Zarz\u0105d ROD S\u0142oneczna Polana","og_url":"https:\/\/rodslonecznapolana.pl\/index.php\/2019\/12\/17\/swieta-swieta-swieta\/","og_site_name":"OGRODY DZIA\u0141KOWE S\u0141ONECZNA POLANA PAWLIKOWICE","article_published_time":"2019-12-17T19:37:26+00:00","og_image":[{"width":1280,"height":847,"url":"https:\/\/rodslonecznapolana.pl\/wp-content\/uploads\/2019\/12\/decoration-314951_1280.jpg","type":"image\/jpeg"}],"author":"slonecznik","twitter_card":"summary_large_image","twitter_misc":{"Napisane przez":"slonecznik"},"schema":{"@context":"https:\/\/schema.org","@graph":[{"@type":"WebPage","@id":"https:\/\/rodslonecznapolana.pl\/index.php\/2019\/12\/17\/swieta-swieta-swieta\/","url":"https:\/\/rodslonecznapolana.pl\/index.php\/2019\/12\/17\/swieta-swieta-swieta\/","name":"\u015awi\u0119ta, \u015bwi\u0119ta, \u015bwi\u0119ta .... - OGRODY DZIA\u0141KOWE S\u0141ONECZNA POLANA PAWLIKOWICE","isPartOf":{"@id":"https:\/\/rodslonecznapolana.pl\/#website"},"primaryImageOfPage":{"@id":"https:\/\/rodslonecznapolana.pl\/index.php\/2019\/12\/17\/swieta-swieta-swieta\/#primaryimage"},"image":{"@id":"https:\/\/rodslonecznapolana.pl\/index.php\/2019\/12\/17\/swieta-swieta-swieta\/#primaryimage"},"thumbnailUrl":"https:\/\/rodslonecznapolana.pl\/wp-content\/uploads\/2019\/12\/decoration-314951_1280.jpg","datePublished":"2019-12-17T19:37:26+00:00","dateModified":"2019-12-17T19:37:26+00:00","author":{"@id":"https:\/\/rodslonecznapolana.pl\/#\/schema\/person\/66559cf230b67e88ec75ad6ef272e34e"},"breadcrumb":{"@id":"https:\/\/rodslonecznapolana.pl\/index.php\/2019\/12\/17\/swieta-swieta-swieta\/#breadcrumb"},"inLanguage":"pl-PL","potentialAction":[{"@type":"ReadAction","target":["https:\/\/rodslonecznapolana.pl\/index.php\/2019\/12\/17\/swieta-swieta-swieta\/"]}]},{"@type":"ImageObject","inLanguage":"pl-PL","@id":"https:\/\/rodslonecznapolana.pl\/index.php\/2019\/12\/17\/swieta-swieta-swieta\/#primaryimage","url":"https:\/\/rodslonecznapolana.pl\/wp-content\/uploads\/2019\/12\/decoration-314951_1280.jpg","contentUrl":"https:\/\/rodslonecznapolana.pl\/wp-content\/uploads\/2019\/12\/decoration-314951_1280.jpg","width":1280,"height":847},{"@type":"BreadcrumbList","@id":"https:\/\/rodslonecznapolana.pl\/index.php\/2019\/12\/17\/swieta-swieta-swieta\/#breadcrumb","itemListElement":[{"@type":"ListItem","position":1,"name":"Strona g\u0142\u00f3wna","item":"https:\/\/rodslonecznapolana.pl\/"},{"@type":"ListItem","position":2,"name":"\u015awi\u0119ta, \u015bwi\u0119ta, \u015bwi\u0119ta &#8230;."}]},{"@type":"WebSite","@id":"https:\/\/rodslonecznapolana.pl\/#website","url":"https:\/\/rodslonecznapolana.pl\/","name":"OGRODY DZIA\u0141KOWE S\u0141ONECZNA POLANA PAWLIKOWICE","description":"","potentialAction":[{"@type":"SearchAction","target":{"@type":"EntryPoint","urlTemplate":"https:\/\/rodslonecznapolana.pl\/?s={search_term_string}"},"query-input":"required name=search_term_string"}],"inLanguage":"pl-PL"},{"@type":"Person","@id":"https:\/\/rodslonecznapolana.pl\/#\/schema\/person\/66559cf230b67e88ec75ad6ef272e34e","name":"slonecznik","image":{"@type":"ImageObject","inLanguage":"pl-PL","@id":"https:\/\/rodslonecznapolana.pl\/#\/schema\/person\/image\/","url":"https:\/\/secure.gravatar.com\/avatar\/3d1c4307f1fe2c664265d6f401c256ef?s=96&d=mm&r=g","contentUrl":"https:\/\/secure.gravatar.com\/avatar\/3d1c4307f1fe2c664265d6f401c256ef?s=96&d=mm&r=g","caption":"slonecznik"},"url":"https:\/\/rodslonecznapolana.pl\/index.php\/author\/slonecznik\/"}]}},"_links":{"self":[{"href":"https:\/\/rodslonecznapolana.pl\/index.php\/wp-json\/wp\/v2\/posts\/1176"}],"collection":[{"href":"https:\/\/rodslonecznapolana.pl\/index.php\/wp-json\/wp\/v2\/posts"}],"about":[{"href":"https:\/\/rodslonecznapolana.pl\/index.php\/wp-json\/wp\/v2\/types\/post"}],"author":[{"embeddable":true,"href":"https:\/\/rodslonecznapolana.pl\/index.php\/wp-json\/wp\/v2\/users\/5"}],"replies":[{"embeddable":true,"href":"https:\/\/rodslonecznapolana.pl\/index.php\/wp-json\/wp\/v2\/comments?post=1176"}],"version-history":[{"count":1,"href":"https:\/\/rodslonecznapolana.pl\/index.php\/wp-json\/wp\/v2\/posts\/1176\/revisions"}],"predecessor-version":[{"id":1179,"href":"https:\/\/rodslonecznapolana.pl\/index.php\/wp-json\/wp\/v2\/posts\/1176\/revisions\/1179"}],"wp:featuredmedia":[{"embeddable":true,"href":"https:\/\/rodslonecznapolana.pl\/index.php\/wp-json\/wp\/v2\/media\/1178"}],"wp:attachment":[{"href":"https:\/\/rodslonecznapolana.pl\/index.php\/wp-json\/wp\/v2\/media?parent=1176"}],"wp:term":[{"taxonomy":"category","embeddable":true,"href":"https:\/\/rodslonecznapolana.pl\/index.php\/wp-json\/wp\/v2\/categories?post=1176"},{"taxonomy":"post_tag","embeddable":true,"href":"https:\/\/rodslonecznapolana.pl\/index.php\/wp-json\/wp\/v2\/tags?post=1176"}],"curies":[{"name":"wp","href":"https:\/\/api.w.org\/{rel}","templated":true}]}}