{"id":1551,"date":"2022-12-19T14:08:05","date_gmt":"2022-12-19T13:08:05","guid":{"rendered":"http:\/\/rodslonecznapolana.pl\/?p=1551"},"modified":"2022-12-19T14:08:05","modified_gmt":"2022-12-19T13:08:05","slug":"przedluzenia-kadencji-organow-statutowych-pzd","status":"publish","type":"post","link":"https:\/\/rodslonecznapolana.pl\/index.php\/2022\/12\/19\/przedluzenia-kadencji-organow-statutowych-pzd\/","title":{"rendered":"Przed\u0142u\u017cenia kadencji organ\u00f3w statutowych PZD"},"content":{"rendered":"<p style=\"text-align: center;\"><span style=\"font-size: 14pt;\">Szanowni Pa\u0144stwo,<\/span><\/p>\n<p style=\"text-align: center;\"><span style=\"font-size: 14pt;\">W zwi\u0105zku z odbyciem XVII posiedzenia Krajowej Rady PZD w dniu 14 grudnia 2022r podczas, kt\u00f3rego\u00a0 omawiane by\u0142y wa\u017cne tematy dotycz\u0105ce dziewi\u0105tej rocznicy uchwalenia ustawy o rodzinnych ogrodach dzia\u0142kowych i przed\u0142u\u017cenia kadencji organ\u00f3w statutowych PZD w za\u0142\u0105czeniu przesy\u0142am\u00a0 dokumenty:<\/span><\/p>\n<div class=\"gwp2b4c2293_moz-forward-container\" style=\"text-align: center;\">\n<div class=\"gwp2b4c2293_WordSection1\">\n<ol start=\"1\" type=\"1\">\n<li class=\"gwp2b4c2293_MsoListParagraphCxSpFirst\"><span style=\"font-size: 14pt;\">Uchwa\u0142\u0119 nr 1\/XVII\/2022 KR w sprawie przed\u0142u\u017cenia kadencji organ\u00f3w PZD<\/span><\/li>\n<li class=\"gwp2b4c2293_MsoListParagraphCxSpLast\"><span style=\"font-size: 14pt;\">Stanowisko w sprawie znaczenia ustawy z 13.12.2013 r. o rodzinnych ogrodach dzia\u0142kowych\u00a0 dla ruchu ogrodnictwa dzia\u0142kowego w Polsce,<\/span><\/li>\n<\/ol>\n<p><span style=\"font-size: 14pt;\"><u><b>\u00a0do zapoznania si\u0119 i przygotowania do dyskusji podczas XI posiedzenia Okr\u0119gowej Rady \u0141\u00f3dzkiej PZD\u00a0<\/b><\/u><\/span><\/div>\n<\/div>\n<div style=\"text-align: center;\"><\/div>\n<div style=\"text-align: center;\"><em>Za\u0142\u0105czniki:<\/em><\/div>\n<div style=\"text-align: center;\"><span style=\"font-size: 14pt;\"><strong><span style=\"color: #800000;\"><a style=\"color: #800000;\" href=\"http:\/\/rodslonecznapolana.pl\/wp-content\/uploads\/2022\/12\/Uchwa\u0142a-1-XVII-22.pdf\">Uchwa\u0142a 1-XVII-22<\/a><\/span><\/strong><\/span><\/div>\n<div style=\"text-align: center;\"><\/div>\n<div style=\"text-align: center;\"><strong><span style=\"color: #800000; font-size: 14pt;\"><a style=\"color: #800000;\" href=\"http:\/\/rodslonecznapolana.pl\/wp-content\/uploads\/2022\/12\/Stanowisko-w-sprawie-znaczenia-ustawy.pdf\">Stanowisko w sprawie znaczenia ustawy<\/a><\/span><\/strong><\/div>\n","protected":false},"excerpt":{"rendered":"<p>Szanowni Pa\u0144stwo, W zwi\u0105zku z odbyciem XVII posiedzenia Krajowej Rady PZD w dniu 14 grudnia 2022r podczas, kt\u00f3rego\u00a0 omawiane by\u0142y wa\u017cne tematy dotycz\u0105ce dziewi\u0105tej rocznicy uchwalenia ustawy o rodzinnych ogrodach dzia\u0142kowych i przed\u0142u\u017cenia kadencji organ\u00f3w statutowych PZD w za\u0142\u0105czeniu przesy\u0142am\u00a0 dokumenty: Uchwa\u0142\u0119 nr 1\/XVII\/2022 KR w sprawie przed\u0142u\u017cenia kadencji organ\u00f3w PZD Stanowisko w sprawie znaczenia [&hellip;]<\/p>\n","protected":false},"author":2,"featured_media":1220,"comment_status":"closed","ping_status":"open","sticky":false,"template":"","format":"standard","meta":{"footnotes":""},"categories":[1],"tags":[],"yoast_head":"<!-- This site is optimized with the Yoast SEO plugin v22.6 - https:\/\/yoast.com\/wordpress\/plugins\/seo\/ -->\n<title>Przed\u0142u\u017cenia kadencji organ\u00f3w statutowych PZD - OGRODY DZIA\u0141KOWE S\u0141ONECZNA POLANA PAWLIKOWICE<\/title>\n<meta name=\"robots\" content=\"index, follow, max-snippet:-1, max-image-preview:large, max-video-preview:-1\" \/>\n<link rel=\"canonical\" href=\"https:\/\/rodslonecznapolana.pl\/index.php\/2022\/12\/19\/przedluzenia-kadencji-organow-statutowych-pzd\/\" \/>\n<meta property=\"og:locale\" content=\"pl_PL\" \/>\n<meta property=\"og:type\" content=\"article\" \/>\n<meta property=\"og:title\" content=\"Przed\u0142u\u017cenia kadencji organ\u00f3w statutowych PZD - OGRODY DZIA\u0141KOWE S\u0141ONECZNA POLANA PAWLIKOWICE\" \/>\n<meta property=\"og:description\" content=\"Szanowni Pa\u0144stwo, W zwi\u0105zku z odbyciem XVII posiedzenia Krajowej Rady PZD w dniu 14 grudnia 2022r podczas, kt\u00f3rego\u00a0 omawiane by\u0142y wa\u017cne tematy dotycz\u0105ce dziewi\u0105tej rocznicy uchwalenia ustawy o rodzinnych ogrodach dzia\u0142kowych i przed\u0142u\u017cenia kadencji organ\u00f3w statutowych PZD w za\u0142\u0105czeniu przesy\u0142am\u00a0 dokumenty: Uchwa\u0142\u0119 nr 1\/XVII\/2022 KR w sprawie przed\u0142u\u017cenia kadencji organ\u00f3w PZD Stanowisko w sprawie znaczenia [&hellip;]\" \/>\n<meta property=\"og:url\" content=\"https:\/\/rodslonecznapolana.pl\/index.php\/2022\/12\/19\/przedluzenia-kadencji-organow-statutowych-pzd\/\" \/>\n<meta property=\"og:site_name\" content=\"OGRODY DZIA\u0141KOWE S\u0141ONECZNA POLANA PAWLIKOWICE\" \/>\n<meta property=\"article:published_time\" content=\"2022-12-19T13:08:05+00:00\" \/>\n<meta property=\"og:image\" content=\"https:\/\/rodslonecznapolana.pl\/wp-content\/uploads\/2020\/03\/wa\u017cne.jpg\" \/>\n\t<meta property=\"og:image:width\" content=\"299\" \/>\n\t<meta property=\"og:image:height\" content=\"168\" \/>\n\t<meta property=\"og:image:type\" content=\"image\/jpeg\" \/>\n<meta name=\"author\" content=\"slonecznapolanarod@gmail.com\" \/>\n<meta name=\"twitter:card\" content=\"summary_large_image\" \/>\n<meta name=\"twitter:label1\" content=\"Napisane przez\" \/>\n\t<meta name=\"twitter:data1\" content=\"slonecznapolanarod@gmail.com\" \/>\n\t<meta name=\"twitter:label2\" content=\"Szacowany czas czytania\" \/>\n\t<meta name=\"twitter:data2\" content=\"1 minuta\" \/>\n<script type=\"application\/ld+json\" class=\"yoast-schema-graph\">{\"@context\":\"https:\/\/schema.org\",\"@graph\":[{\"@type\":\"WebPage\",\"@id\":\"https:\/\/rodslonecznapolana.pl\/index.php\/2022\/12\/19\/przedluzenia-kadencji-organow-statutowych-pzd\/\",\"url\":\"https:\/\/rodslonecznapolana.pl\/index.php\/2022\/12\/19\/przedluzenia-kadencji-organow-statutowych-pzd\/\",\"name\":\"Przed\u0142u\u017cenia kadencji organ\u00f3w statutowych PZD - OGRODY DZIA\u0141KOWE S\u0141ONECZNA POLANA PAWLIKOWICE\",\"isPartOf\":{\"@id\":\"https:\/\/rodslonecznapolana.pl\/#website\"},\"primaryImageOfPage\":{\"@id\":\"https:\/\/rodslonecznapolana.pl\/index.php\/2022\/12\/19\/przedluzenia-kadencji-organow-statutowych-pzd\/#primaryimage\"},\"image\":{\"@id\":\"https:\/\/rodslonecznapolana.pl\/index.php\/2022\/12\/19\/przedluzenia-kadencji-organow-statutowych-pzd\/#primaryimage\"},\"thumbnailUrl\":\"https:\/\/rodslonecznapolana.pl\/wp-content\/uploads\/2020\/03\/wa\u017cne.jpg\",\"datePublished\":\"2022-12-19T13:08:05+00:00\",\"dateModified\":\"2022-12-19T13:08:05+00:00\",\"author\":{\"@id\":\"https:\/\/rodslonecznapolana.pl\/#\/schema\/person\/e1f11991694e9fa7757769079fa1c460\"},\"breadcrumb\":{\"@id\":\"https:\/\/rodslonecznapolana.pl\/index.php\/2022\/12\/19\/przedluzenia-kadencji-organow-statutowych-pzd\/#breadcrumb\"},\"inLanguage\":\"pl-PL\",\"potentialAction\":[{\"@type\":\"ReadAction\",\"target\":[\"https:\/\/rodslonecznapolana.pl\/index.php\/2022\/12\/19\/przedluzenia-kadencji-organow-statutowych-pzd\/\"]}]},{\"@type\":\"ImageObject\",\"inLanguage\":\"pl-PL\",\"@id\":\"https:\/\/rodslonecznapolana.pl\/index.php\/2022\/12\/19\/przedluzenia-kadencji-organow-statutowych-pzd\/#primaryimage\",\"url\":\"https:\/\/rodslonecznapolana.pl\/wp-content\/uploads\/2020\/03\/wa\u017cne.jpg\",\"contentUrl\":\"https:\/\/rodslonecznapolana.pl\/wp-content\/uploads\/2020\/03\/wa\u017cne.jpg\",\"width\":299,\"height\":168},{\"@type\":\"BreadcrumbList\",\"@id\":\"https:\/\/rodslonecznapolana.pl\/index.php\/2022\/12\/19\/przedluzenia-kadencji-organow-statutowych-pzd\/#breadcrumb\",\"itemListElement\":[{\"@type\":\"ListItem\",\"position\":1,\"name\":\"Strona g\u0142\u00f3wna\",\"item\":\"https:\/\/rodslonecznapolana.pl\/\"},{\"@type\":\"ListItem\",\"position\":2,\"name\":\"Przed\u0142u\u017cenia kadencji organ\u00f3w statutowych PZD\"}]},{\"@type\":\"WebSite\",\"@id\":\"https:\/\/rodslonecznapolana.pl\/#website\",\"url\":\"https:\/\/rodslonecznapolana.pl\/\",\"name\":\"OGRODY DZIA\u0141KOWE S\u0141ONECZNA POLANA PAWLIKOWICE\",\"description\":\"\",\"potentialAction\":[{\"@type\":\"SearchAction\",\"target\":{\"@type\":\"EntryPoint\",\"urlTemplate\":\"https:\/\/rodslonecznapolana.pl\/?s={search_term_string}\"},\"query-input\":\"required name=search_term_string\"}],\"inLanguage\":\"pl-PL\"},{\"@type\":\"Person\",\"@id\":\"https:\/\/rodslonecznapolana.pl\/#\/schema\/person\/e1f11991694e9fa7757769079fa1c460\",\"name\":\"slonecznapolanarod@gmail.com\",\"image\":{\"@type\":\"ImageObject\",\"inLanguage\":\"pl-PL\",\"@id\":\"https:\/\/rodslonecznapolana.pl\/#\/schema\/person\/image\/\",\"url\":\"https:\/\/secure.gravatar.com\/avatar\/4e1b7da00bbbef286abc5d10e669a6f0?s=96&d=mm&r=g\",\"contentUrl\":\"https:\/\/secure.gravatar.com\/avatar\/4e1b7da00bbbef286abc5d10e669a6f0?s=96&d=mm&r=g\",\"caption\":\"slonecznapolanarod@gmail.com\"},\"url\":\"https:\/\/rodslonecznapolana.pl\/index.php\/author\/slonecznapolanarodgmail-com\/\"}]}<\/script>\n<!-- \/ Yoast SEO plugin. -->","yoast_head_json":{"title":"Przed\u0142u\u017cenia kadencji organ\u00f3w statutowych PZD - OGRODY DZIA\u0141KOWE S\u0141ONECZNA POLANA PAWLIKOWICE","robots":{"index":"index","follow":"follow","max-snippet":"max-snippet:-1","max-image-preview":"max-image-preview:large","max-video-preview":"max-video-preview:-1"},"canonical":"https:\/\/rodslonecznapolana.pl\/index.php\/2022\/12\/19\/przedluzenia-kadencji-organow-statutowych-pzd\/","og_locale":"pl_PL","og_type":"article","og_title":"Przed\u0142u\u017cenia kadencji organ\u00f3w statutowych PZD - OGRODY DZIA\u0141KOWE S\u0141ONECZNA POLANA PAWLIKOWICE","og_description":"Szanowni Pa\u0144stwo, W zwi\u0105zku z odbyciem XVII posiedzenia Krajowej Rady PZD w dniu 14 grudnia 2022r podczas, kt\u00f3rego\u00a0 omawiane by\u0142y wa\u017cne tematy dotycz\u0105ce dziewi\u0105tej rocznicy uchwalenia ustawy o rodzinnych ogrodach dzia\u0142kowych i przed\u0142u\u017cenia kadencji organ\u00f3w statutowych PZD w za\u0142\u0105czeniu przesy\u0142am\u00a0 dokumenty: Uchwa\u0142\u0119 nr 1\/XVII\/2022 KR w sprawie przed\u0142u\u017cenia kadencji organ\u00f3w PZD Stanowisko w sprawie znaczenia [&hellip;]","og_url":"https:\/\/rodslonecznapolana.pl\/index.php\/2022\/12\/19\/przedluzenia-kadencji-organow-statutowych-pzd\/","og_site_name":"OGRODY DZIA\u0141KOWE S\u0141ONECZNA POLANA PAWLIKOWICE","article_published_time":"2022-12-19T13:08:05+00:00","og_image":[{"width":299,"height":168,"url":"https:\/\/rodslonecznapolana.pl\/wp-content\/uploads\/2020\/03\/wa\u017cne.jpg","type":"image\/jpeg"}],"author":"slonecznapolanarod@gmail.com","twitter_card":"summary_large_image","twitter_misc":{"Napisane przez":"slonecznapolanarod@gmail.com","Szacowany czas czytania":"1 minuta"},"schema":{"@context":"https:\/\/schema.org","@graph":[{"@type":"WebPage","@id":"https:\/\/rodslonecznapolana.pl\/index.php\/2022\/12\/19\/przedluzenia-kadencji-organow-statutowych-pzd\/","url":"https:\/\/rodslonecznapolana.pl\/index.php\/2022\/12\/19\/przedluzenia-kadencji-organow-statutowych-pzd\/","name":"Przed\u0142u\u017cenia kadencji organ\u00f3w statutowych PZD - OGRODY DZIA\u0141KOWE S\u0141ONECZNA POLANA PAWLIKOWICE","isPartOf":{"@id":"https:\/\/rodslonecznapolana.pl\/#website"},"primaryImageOfPage":{"@id":"https:\/\/rodslonecznapolana.pl\/index.php\/2022\/12\/19\/przedluzenia-kadencji-organow-statutowych-pzd\/#primaryimage"},"image":{"@id":"https:\/\/rodslonecznapolana.pl\/index.php\/2022\/12\/19\/przedluzenia-kadencji-organow-statutowych-pzd\/#primaryimage"},"thumbnailUrl":"https:\/\/rodslonecznapolana.pl\/wp-content\/uploads\/2020\/03\/wa\u017cne.jpg","datePublished":"2022-12-19T13:08:05+00:00","dateModified":"2022-12-19T13:08:05+00:00","author":{"@id":"https:\/\/rodslonecznapolana.pl\/#\/schema\/person\/e1f11991694e9fa7757769079fa1c460"},"breadcrumb":{"@id":"https:\/\/rodslonecznapolana.pl\/index.php\/2022\/12\/19\/przedluzenia-kadencji-organow-statutowych-pzd\/#breadcrumb"},"inLanguage":"pl-PL","potentialAction":[{"@type":"ReadAction","target":["https:\/\/rodslonecznapolana.pl\/index.php\/2022\/12\/19\/przedluzenia-kadencji-organow-statutowych-pzd\/"]}]},{"@type":"ImageObject","inLanguage":"pl-PL","@id":"https:\/\/rodslonecznapolana.pl\/index.php\/2022\/12\/19\/przedluzenia-kadencji-organow-statutowych-pzd\/#primaryimage","url":"https:\/\/rodslonecznapolana.pl\/wp-content\/uploads\/2020\/03\/wa\u017cne.jpg","contentUrl":"https:\/\/rodslonecznapolana.pl\/wp-content\/uploads\/2020\/03\/wa\u017cne.jpg","width":299,"height":168},{"@type":"BreadcrumbList","@id":"https:\/\/rodslonecznapolana.pl\/index.php\/2022\/12\/19\/przedluzenia-kadencji-organow-statutowych-pzd\/#breadcrumb","itemListElement":[{"@type":"ListItem","position":1,"name":"Strona g\u0142\u00f3wna","item":"https:\/\/rodslonecznapolana.pl\/"},{"@type":"ListItem","position":2,"name":"Przed\u0142u\u017cenia kadencji organ\u00f3w statutowych PZD"}]},{"@type":"WebSite","@id":"https:\/\/rodslonecznapolana.pl\/#website","url":"https:\/\/rodslonecznapolana.pl\/","name":"OGRODY DZIA\u0141KOWE S\u0141ONECZNA POLANA PAWLIKOWICE","description":"","potentialAction":[{"@type":"SearchAction","target":{"@type":"EntryPoint","urlTemplate":"https:\/\/rodslonecznapolana.pl\/?s={search_term_string}"},"query-input":"required name=search_term_string"}],"inLanguage":"pl-PL"},{"@type":"Person","@id":"https:\/\/rodslonecznapolana.pl\/#\/schema\/person\/e1f11991694e9fa7757769079fa1c460","name":"slonecznapolanarod@gmail.com","image":{"@type":"ImageObject","inLanguage":"pl-PL","@id":"https:\/\/rodslonecznapolana.pl\/#\/schema\/person\/image\/","url":"https:\/\/secure.gravatar.com\/avatar\/4e1b7da00bbbef286abc5d10e669a6f0?s=96&d=mm&r=g","contentUrl":"https:\/\/secure.gravatar.com\/avatar\/4e1b7da00bbbef286abc5d10e669a6f0?s=96&d=mm&r=g","caption":"slonecznapolanarod@gmail.com"},"url":"https:\/\/rodslonecznapolana.pl\/index.php\/author\/slonecznapolanarodgmail-com\/"}]}},"_links":{"self":[{"href":"https:\/\/rodslonecznapolana.pl\/index.php\/wp-json\/wp\/v2\/posts\/1551"}],"collection":[{"href":"https:\/\/rodslonecznapolana.pl\/index.php\/wp-json\/wp\/v2\/posts"}],"about":[{"href":"https:\/\/rodslonecznapolana.pl\/index.php\/wp-json\/wp\/v2\/types\/post"}],"author":[{"embeddable":true,"href":"https:\/\/rodslonecznapolana.pl\/index.php\/wp-json\/wp\/v2\/users\/2"}],"replies":[{"embeddable":true,"href":"https:\/\/rodslonecznapolana.pl\/index.php\/wp-json\/wp\/v2\/comments?post=1551"}],"version-history":[{"count":2,"href":"https:\/\/rodslonecznapolana.pl\/index.php\/wp-json\/wp\/v2\/posts\/1551\/revisions"}],"predecessor-version":[{"id":1555,"href":"https:\/\/rodslonecznapolana.pl\/index.php\/wp-json\/wp\/v2\/posts\/1551\/revisions\/1555"}],"wp:featuredmedia":[{"embeddable":true,"href":"https:\/\/rodslonecznapolana.pl\/index.php\/wp-json\/wp\/v2\/media\/1220"}],"wp:attachment":[{"href":"https:\/\/rodslonecznapolana.pl\/index.php\/wp-json\/wp\/v2\/media?parent=1551"}],"wp:term":[{"taxonomy":"category","embeddable":true,"href":"https:\/\/rodslonecznapolana.pl\/index.php\/wp-json\/wp\/v2\/categories?post=1551"},{"taxonomy":"post_tag","embeddable":true,"href":"https:\/\/rodslonecznapolana.pl\/index.php\/wp-json\/wp\/v2\/tags?post=1551"}],"curies":[{"name":"wp","href":"https:\/\/api.w.org\/{rel}","templated":true}]}}