{"id":1570,"date":"2023-04-04T07:18:15","date_gmt":"2023-04-04T05:18:15","guid":{"rendered":"http:\/\/rodslonecznapolana.pl\/?p=1570"},"modified":"2023-04-04T07:18:15","modified_gmt":"2023-04-04T05:18:15","slug":"rozpoczecie-sezonu-dzialkowego-2023","status":"publish","type":"post","link":"https:\/\/rodslonecznapolana.pl\/index.php\/2023\/04\/04\/rozpoczecie-sezonu-dzialkowego-2023\/","title":{"rendered":"ROZPOCZ\u0118CIE SEZONU DZIA\u0141KOWEGO 2023"},"content":{"rendered":"<p style=\"text-align: center;\"><span style=\"font-size: 18pt;\"><strong><span style=\"color: #808000;\">Pocz\u0105tek sezonu<\/span><\/strong><\/span><\/p>\n<p style=\"text-align: center;\"><span style=\"font-size: 18pt;\"><strong><span style=\"color: #808000;\">Zarz\u0105d ROD &#8222;S\u0142oneczna Polana&#8221; informuje, i\u017c w zwi\u0105zku z kolejnym rozpoczynaj\u0105cym si\u0119 sezonem dzia\u0142kowym<\/span><\/strong><\/span><br \/>\n<span style=\"font-size: 18pt;\"><strong><span style=\"color: #808000;\">pojemniki na odpady podstawione b\u0119d\u0105 w <span style=\"color: #008080; font-size: 24pt;\">pi\u0105tek 14 kwietnia 2023r.,<\/span><\/span><\/strong><\/span><br \/>\n<span style=\"font-size: 18pt;\"><strong><span style=\"color: #808000;\">woda odkr\u0119cona zostanie w <span style=\"font-size: 24pt;\"><span style=\"color: #008080;\">sobot\u0119<\/span> <span style=\"color: #008080;\">15 kwietnia 2023r. o godz. 13:30<\/span><\/span><\/span><\/strong><\/span><br \/>\n<span style=\"font-size: 18pt;\"><strong><span style=\"color: #808000;\">Zarz\u0105d prosi o obecno\u015b\u0107 celem sprawdzenia stanu instalacji wodnych na dzia\u0142kach<\/span><\/strong><\/span><\/p>\n","protected":false},"excerpt":{"rendered":"<p>Pocz\u0105tek sezonu Zarz\u0105d ROD &#8222;S\u0142oneczna Polana&#8221; informuje, i\u017c w zwi\u0105zku z kolejnym rozpoczynaj\u0105cym si\u0119 sezonem dzia\u0142kowym pojemniki na odpady podstawione b\u0119d\u0105 w pi\u0105tek 14 kwietnia 2023r., woda odkr\u0119cona zostanie w sobot\u0119 15 kwietnia 2023r. o godz. 13:30 Zarz\u0105d prosi o obecno\u015b\u0107 celem sprawdzenia stanu instalacji wodnych na dzia\u0142kach<\/p>\n","protected":false},"author":2,"featured_media":403,"comment_status":"closed","ping_status":"open","sticky":false,"template":"","format":"standard","meta":{"footnotes":""},"categories":[1],"tags":[],"yoast_head":"<!-- This site is optimized with the Yoast SEO plugin v22.6 - https:\/\/yoast.com\/wordpress\/plugins\/seo\/ -->\n<title>ROZPOCZ\u0118CIE SEZONU DZIA\u0141KOWEGO 2023 - OGRODY DZIA\u0141KOWE S\u0141ONECZNA POLANA PAWLIKOWICE<\/title>\n<meta name=\"robots\" content=\"index, follow, max-snippet:-1, max-image-preview:large, max-video-preview:-1\" \/>\n<link rel=\"canonical\" href=\"https:\/\/rodslonecznapolana.pl\/index.php\/2023\/04\/04\/rozpoczecie-sezonu-dzialkowego-2023\/\" \/>\n<meta property=\"og:locale\" content=\"pl_PL\" \/>\n<meta property=\"og:type\" content=\"article\" \/>\n<meta property=\"og:title\" content=\"ROZPOCZ\u0118CIE SEZONU DZIA\u0141KOWEGO 2023 - OGRODY DZIA\u0141KOWE S\u0141ONECZNA POLANA PAWLIKOWICE\" \/>\n<meta property=\"og:description\" content=\"Pocz\u0105tek sezonu Zarz\u0105d ROD &#8222;S\u0142oneczna Polana&#8221; informuje, i\u017c w zwi\u0105zku z kolejnym rozpoczynaj\u0105cym si\u0119 sezonem dzia\u0142kowym pojemniki na odpady podstawione b\u0119d\u0105 w pi\u0105tek 14 kwietnia 2023r., woda odkr\u0119cona zostanie w sobot\u0119 15 kwietnia 2023r. o godz. 13:30 Zarz\u0105d prosi o obecno\u015b\u0107 celem sprawdzenia stanu instalacji wodnych na dzia\u0142kach\" \/>\n<meta property=\"og:url\" content=\"https:\/\/rodslonecznapolana.pl\/index.php\/2023\/04\/04\/rozpoczecie-sezonu-dzialkowego-2023\/\" \/>\n<meta property=\"og:site_name\" content=\"OGRODY DZIA\u0141KOWE S\u0141ONECZNA POLANA PAWLIKOWICE\" \/>\n<meta property=\"article:published_time\" content=\"2023-04-04T05:18:15+00:00\" \/>\n<meta property=\"og:image\" content=\"https:\/\/rodslonecznapolana.pl\/wp-content\/uploads\/2017\/08\/7-9.jpg\" \/>\n\t<meta property=\"og:image:width\" content=\"1152\" \/>\n\t<meta property=\"og:image:height\" content=\"768\" \/>\n\t<meta property=\"og:image:type\" content=\"image\/jpeg\" \/>\n<meta name=\"author\" content=\"slonecznapolanarod@gmail.com\" \/>\n<meta name=\"twitter:card\" content=\"summary_large_image\" \/>\n<meta name=\"twitter:label1\" content=\"Napisane przez\" \/>\n\t<meta name=\"twitter:data1\" content=\"slonecznapolanarod@gmail.com\" \/>\n<script type=\"application\/ld+json\" class=\"yoast-schema-graph\">{\"@context\":\"https:\/\/schema.org\",\"@graph\":[{\"@type\":\"WebPage\",\"@id\":\"https:\/\/rodslonecznapolana.pl\/index.php\/2023\/04\/04\/rozpoczecie-sezonu-dzialkowego-2023\/\",\"url\":\"https:\/\/rodslonecznapolana.pl\/index.php\/2023\/04\/04\/rozpoczecie-sezonu-dzialkowego-2023\/\",\"name\":\"ROZPOCZ\u0118CIE SEZONU DZIA\u0141KOWEGO 2023 - OGRODY DZIA\u0141KOWE S\u0141ONECZNA POLANA PAWLIKOWICE\",\"isPartOf\":{\"@id\":\"https:\/\/rodslonecznapolana.pl\/#website\"},\"primaryImageOfPage\":{\"@id\":\"https:\/\/rodslonecznapolana.pl\/index.php\/2023\/04\/04\/rozpoczecie-sezonu-dzialkowego-2023\/#primaryimage\"},\"image\":{\"@id\":\"https:\/\/rodslonecznapolana.pl\/index.php\/2023\/04\/04\/rozpoczecie-sezonu-dzialkowego-2023\/#primaryimage\"},\"thumbnailUrl\":\"https:\/\/rodslonecznapolana.pl\/wp-content\/uploads\/2017\/08\/7-9.jpg\",\"datePublished\":\"2023-04-04T05:18:15+00:00\",\"dateModified\":\"2023-04-04T05:18:15+00:00\",\"author\":{\"@id\":\"https:\/\/rodslonecznapolana.pl\/#\/schema\/person\/e1f11991694e9fa7757769079fa1c460\"},\"breadcrumb\":{\"@id\":\"https:\/\/rodslonecznapolana.pl\/index.php\/2023\/04\/04\/rozpoczecie-sezonu-dzialkowego-2023\/#breadcrumb\"},\"inLanguage\":\"pl-PL\",\"potentialAction\":[{\"@type\":\"ReadAction\",\"target\":[\"https:\/\/rodslonecznapolana.pl\/index.php\/2023\/04\/04\/rozpoczecie-sezonu-dzialkowego-2023\/\"]}]},{\"@type\":\"ImageObject\",\"inLanguage\":\"pl-PL\",\"@id\":\"https:\/\/rodslonecznapolana.pl\/index.php\/2023\/04\/04\/rozpoczecie-sezonu-dzialkowego-2023\/#primaryimage\",\"url\":\"https:\/\/rodslonecznapolana.pl\/wp-content\/uploads\/2017\/08\/7-9.jpg\",\"contentUrl\":\"https:\/\/rodslonecznapolana.pl\/wp-content\/uploads\/2017\/08\/7-9.jpg\",\"width\":1152,\"height\":768},{\"@type\":\"BreadcrumbList\",\"@id\":\"https:\/\/rodslonecznapolana.pl\/index.php\/2023\/04\/04\/rozpoczecie-sezonu-dzialkowego-2023\/#breadcrumb\",\"itemListElement\":[{\"@type\":\"ListItem\",\"position\":1,\"name\":\"Strona g\u0142\u00f3wna\",\"item\":\"https:\/\/rodslonecznapolana.pl\/\"},{\"@type\":\"ListItem\",\"position\":2,\"name\":\"ROZPOCZ\u0118CIE SEZONU DZIA\u0141KOWEGO 2023\"}]},{\"@type\":\"WebSite\",\"@id\":\"https:\/\/rodslonecznapolana.pl\/#website\",\"url\":\"https:\/\/rodslonecznapolana.pl\/\",\"name\":\"OGRODY DZIA\u0141KOWE S\u0141ONECZNA POLANA PAWLIKOWICE\",\"description\":\"\",\"potentialAction\":[{\"@type\":\"SearchAction\",\"target\":{\"@type\":\"EntryPoint\",\"urlTemplate\":\"https:\/\/rodslonecznapolana.pl\/?s={search_term_string}\"},\"query-input\":\"required name=search_term_string\"}],\"inLanguage\":\"pl-PL\"},{\"@type\":\"Person\",\"@id\":\"https:\/\/rodslonecznapolana.pl\/#\/schema\/person\/e1f11991694e9fa7757769079fa1c460\",\"name\":\"slonecznapolanarod@gmail.com\",\"image\":{\"@type\":\"ImageObject\",\"inLanguage\":\"pl-PL\",\"@id\":\"https:\/\/rodslonecznapolana.pl\/#\/schema\/person\/image\/\",\"url\":\"https:\/\/secure.gravatar.com\/avatar\/4e1b7da00bbbef286abc5d10e669a6f0?s=96&d=mm&r=g\",\"contentUrl\":\"https:\/\/secure.gravatar.com\/avatar\/4e1b7da00bbbef286abc5d10e669a6f0?s=96&d=mm&r=g\",\"caption\":\"slonecznapolanarod@gmail.com\"},\"url\":\"https:\/\/rodslonecznapolana.pl\/index.php\/author\/slonecznapolanarodgmail-com\/\"}]}<\/script>\n<!-- \/ Yoast SEO plugin. -->","yoast_head_json":{"title":"ROZPOCZ\u0118CIE SEZONU DZIA\u0141KOWEGO 2023 - OGRODY DZIA\u0141KOWE S\u0141ONECZNA POLANA PAWLIKOWICE","robots":{"index":"index","follow":"follow","max-snippet":"max-snippet:-1","max-image-preview":"max-image-preview:large","max-video-preview":"max-video-preview:-1"},"canonical":"https:\/\/rodslonecznapolana.pl\/index.php\/2023\/04\/04\/rozpoczecie-sezonu-dzialkowego-2023\/","og_locale":"pl_PL","og_type":"article","og_title":"ROZPOCZ\u0118CIE SEZONU DZIA\u0141KOWEGO 2023 - OGRODY DZIA\u0141KOWE S\u0141ONECZNA POLANA PAWLIKOWICE","og_description":"Pocz\u0105tek sezonu Zarz\u0105d ROD &#8222;S\u0142oneczna Polana&#8221; informuje, i\u017c w zwi\u0105zku z kolejnym rozpoczynaj\u0105cym si\u0119 sezonem dzia\u0142kowym pojemniki na odpady podstawione b\u0119d\u0105 w pi\u0105tek 14 kwietnia 2023r., woda odkr\u0119cona zostanie w sobot\u0119 15 kwietnia 2023r. o godz. 13:30 Zarz\u0105d prosi o obecno\u015b\u0107 celem sprawdzenia stanu instalacji wodnych na dzia\u0142kach","og_url":"https:\/\/rodslonecznapolana.pl\/index.php\/2023\/04\/04\/rozpoczecie-sezonu-dzialkowego-2023\/","og_site_name":"OGRODY DZIA\u0141KOWE S\u0141ONECZNA POLANA PAWLIKOWICE","article_published_time":"2023-04-04T05:18:15+00:00","og_image":[{"width":1152,"height":768,"url":"https:\/\/rodslonecznapolana.pl\/wp-content\/uploads\/2017\/08\/7-9.jpg","type":"image\/jpeg"}],"author":"slonecznapolanarod@gmail.com","twitter_card":"summary_large_image","twitter_misc":{"Napisane przez":"slonecznapolanarod@gmail.com"},"schema":{"@context":"https:\/\/schema.org","@graph":[{"@type":"WebPage","@id":"https:\/\/rodslonecznapolana.pl\/index.php\/2023\/04\/04\/rozpoczecie-sezonu-dzialkowego-2023\/","url":"https:\/\/rodslonecznapolana.pl\/index.php\/2023\/04\/04\/rozpoczecie-sezonu-dzialkowego-2023\/","name":"ROZPOCZ\u0118CIE SEZONU DZIA\u0141KOWEGO 2023 - OGRODY DZIA\u0141KOWE S\u0141ONECZNA POLANA PAWLIKOWICE","isPartOf":{"@id":"https:\/\/rodslonecznapolana.pl\/#website"},"primaryImageOfPage":{"@id":"https:\/\/rodslonecznapolana.pl\/index.php\/2023\/04\/04\/rozpoczecie-sezonu-dzialkowego-2023\/#primaryimage"},"image":{"@id":"https:\/\/rodslonecznapolana.pl\/index.php\/2023\/04\/04\/rozpoczecie-sezonu-dzialkowego-2023\/#primaryimage"},"thumbnailUrl":"https:\/\/rodslonecznapolana.pl\/wp-content\/uploads\/2017\/08\/7-9.jpg","datePublished":"2023-04-04T05:18:15+00:00","dateModified":"2023-04-04T05:18:15+00:00","author":{"@id":"https:\/\/rodslonecznapolana.pl\/#\/schema\/person\/e1f11991694e9fa7757769079fa1c460"},"breadcrumb":{"@id":"https:\/\/rodslonecznapolana.pl\/index.php\/2023\/04\/04\/rozpoczecie-sezonu-dzialkowego-2023\/#breadcrumb"},"inLanguage":"pl-PL","potentialAction":[{"@type":"ReadAction","target":["https:\/\/rodslonecznapolana.pl\/index.php\/2023\/04\/04\/rozpoczecie-sezonu-dzialkowego-2023\/"]}]},{"@type":"ImageObject","inLanguage":"pl-PL","@id":"https:\/\/rodslonecznapolana.pl\/index.php\/2023\/04\/04\/rozpoczecie-sezonu-dzialkowego-2023\/#primaryimage","url":"https:\/\/rodslonecznapolana.pl\/wp-content\/uploads\/2017\/08\/7-9.jpg","contentUrl":"https:\/\/rodslonecznapolana.pl\/wp-content\/uploads\/2017\/08\/7-9.jpg","width":1152,"height":768},{"@type":"BreadcrumbList","@id":"https:\/\/rodslonecznapolana.pl\/index.php\/2023\/04\/04\/rozpoczecie-sezonu-dzialkowego-2023\/#breadcrumb","itemListElement":[{"@type":"ListItem","position":1,"name":"Strona g\u0142\u00f3wna","item":"https:\/\/rodslonecznapolana.pl\/"},{"@type":"ListItem","position":2,"name":"ROZPOCZ\u0118CIE SEZONU DZIA\u0141KOWEGO 2023"}]},{"@type":"WebSite","@id":"https:\/\/rodslonecznapolana.pl\/#website","url":"https:\/\/rodslonecznapolana.pl\/","name":"OGRODY DZIA\u0141KOWE S\u0141ONECZNA POLANA PAWLIKOWICE","description":"","potentialAction":[{"@type":"SearchAction","target":{"@type":"EntryPoint","urlTemplate":"https:\/\/rodslonecznapolana.pl\/?s={search_term_string}"},"query-input":"required name=search_term_string"}],"inLanguage":"pl-PL"},{"@type":"Person","@id":"https:\/\/rodslonecznapolana.pl\/#\/schema\/person\/e1f11991694e9fa7757769079fa1c460","name":"slonecznapolanarod@gmail.com","image":{"@type":"ImageObject","inLanguage":"pl-PL","@id":"https:\/\/rodslonecznapolana.pl\/#\/schema\/person\/image\/","url":"https:\/\/secure.gravatar.com\/avatar\/4e1b7da00bbbef286abc5d10e669a6f0?s=96&d=mm&r=g","contentUrl":"https:\/\/secure.gravatar.com\/avatar\/4e1b7da00bbbef286abc5d10e669a6f0?s=96&d=mm&r=g","caption":"slonecznapolanarod@gmail.com"},"url":"https:\/\/rodslonecznapolana.pl\/index.php\/author\/slonecznapolanarodgmail-com\/"}]}},"_links":{"self":[{"href":"https:\/\/rodslonecznapolana.pl\/index.php\/wp-json\/wp\/v2\/posts\/1570"}],"collection":[{"href":"https:\/\/rodslonecznapolana.pl\/index.php\/wp-json\/wp\/v2\/posts"}],"about":[{"href":"https:\/\/rodslonecznapolana.pl\/index.php\/wp-json\/wp\/v2\/types\/post"}],"author":[{"embeddable":true,"href":"https:\/\/rodslonecznapolana.pl\/index.php\/wp-json\/wp\/v2\/users\/2"}],"replies":[{"embeddable":true,"href":"https:\/\/rodslonecznapolana.pl\/index.php\/wp-json\/wp\/v2\/comments?post=1570"}],"version-history":[{"count":1,"href":"https:\/\/rodslonecznapolana.pl\/index.php\/wp-json\/wp\/v2\/posts\/1570\/revisions"}],"predecessor-version":[{"id":1571,"href":"https:\/\/rodslonecznapolana.pl\/index.php\/wp-json\/wp\/v2\/posts\/1570\/revisions\/1571"}],"wp:featuredmedia":[{"embeddable":true,"href":"https:\/\/rodslonecznapolana.pl\/index.php\/wp-json\/wp\/v2\/media\/403"}],"wp:attachment":[{"href":"https:\/\/rodslonecznapolana.pl\/index.php\/wp-json\/wp\/v2\/media?parent=1570"}],"wp:term":[{"taxonomy":"category","embeddable":true,"href":"https:\/\/rodslonecznapolana.pl\/index.php\/wp-json\/wp\/v2\/categories?post=1570"},{"taxonomy":"post_tag","embeddable":true,"href":"https:\/\/rodslonecznapolana.pl\/index.php\/wp-json\/wp\/v2\/tags?post=1570"}],"curies":[{"name":"wp","href":"https:\/\/api.w.org\/{rel}","templated":true}]}}