{"id":1582,"date":"2023-05-25T07:39:13","date_gmt":"2023-05-25T05:39:13","guid":{"rendered":"http:\/\/rodslonecznapolana.pl\/?p=1582"},"modified":"2023-05-25T07:39:13","modified_gmt":"2023-05-25T05:39:13","slug":"altany-podatek-nieruchomosci","status":"publish","type":"post","link":"https:\/\/rodslonecznapolana.pl\/index.php\/2023\/05\/25\/altany-podatek-nieruchomosci\/","title":{"rendered":"ALTANY, PODATEK OD NIERUCHOMO\u015aCI"},"content":{"rendered":"<p style=\"text-align: center;\"><span style=\"font-size: 14pt;\"><strong>Szanowni Dzia\u0142kowcy,<\/strong><\/span><\/p>\n<p style=\"text-align: left;\"><span style=\"font-size: 14pt;\"><strong>Zarz\u0105d Ogrodu informuje, \u017ce w drugiej po\u0142owie 2022 r. Regionalna Izba Obrachunkowa w \u0141odzi przeprowadzi\u0142a w Urz\u0119dzie Gminy w Pabianicach<br \/>\nkontrol\u0119 kompleksow\u0105.\u00a0<\/strong><\/span><span style=\"font-size: 14pt;\"><strong>W wyniku tej kontroli W\u00f3jt Gminy zobowi\u0105zany zosta\u0142 do sprawdzenia czy w ogrodach dzia\u0142kowych na terenie gminy<br \/>\naltany maj\u0105 powierzchnie zabudowy 35 m2.\u00a0<\/strong><\/span><span style=\"font-size: 14pt;\"><strong>Tylko altany o takiej powierzchni zwolnione s\u0105 od podatku od nieruchomo\u015bci \u2013 tym samym wi\u0119ksza powierzchnia altany skutkuje obowi\u0105zkiem ustalenia przez Gmin\u0119 i pobierania w\/w podatku.<\/strong><\/span><br \/>\n<span style=\"font-size: 14pt;\"><strong>W porozumieniu z Okr\u0119gowym Zarz\u0105dem \u0141\u00f3dzkim przygotowany zosta\u0142 projekt o\u015bwiadczenia, kt\u00f3re zobowi\u0105zani b\u0119d\u0105 podpisa\u0107 wszyscy Dzia\u0142kowcy.<\/strong><\/span><br \/>\n<span style=\"font-size: 14pt;\"><strong>W przypadku gdy prawo do dzia\u0142ki maj\u0105 ma\u0142\u017conkowie, oboje zobowi\u0105zani s\u0105 do z\u0142o\u017cenia podpis\u00f3w.<\/strong><\/span><br \/>\n<span style=\"font-size: 14pt;\"><strong>Na podstawie o\u015bwiadcze\u0144 Zarz\u0105d sporz\u0105dzi wykaz altan z ich powierzchniami, kt\u00f3ry zostanie przekazany do Urz\u0119du Gminy.<\/strong><\/span><br \/>\n<span style=\"font-size: 14pt;\"><strong>W uzgodnieniu z Urz\u0119dem Gminy termin przekazania w\/w wykazu do Urz\u0119du ustalony zosta\u0142 na dzie\u0144 30 czerwca 2023 r.<\/strong><\/span><br \/>\n<span style=\"font-size: 14pt;\"><strong>Zarz\u0105d zwraca si\u0119 wi\u0119c z pro\u015bb\u0105 o mo\u017cliwie szybkie z\u0142o\u017cenie o\u015bwiadcze\u0144, tak by powy\u017cszy termin m\u00f3g\u0142 by\u0107 dotrzymany.<\/strong><\/span><br \/>\n<span style=\"font-size: 14pt;\"><strong>Wz\u00f3r o\u015bwiadczenia Zarz\u0105d przekazuje w za\u0142\u0105czeniu, b\u0105d\u017a b\u0119dzie do pobrania w weekendy u Prezesa Zarz\u0105du b\u0105d\u017a u Wiceprezesa Zarz\u0105du.<\/strong><\/span><\/p>\n<p>&nbsp;<\/p>\n<p>&nbsp;<\/p>\n<p style=\"text-align: center;\"><a href=\"http:\/\/rodslonecznapolana.pl\/wp-content\/uploads\/2023\/05\/DRUK-O\u015aWIADCZENIA-DO-POBRANIA.pdf\"><span style=\"font-size: 18pt;\"><strong><span style=\"color: #800000;\">DRUK O\u015aWIADCZENIA DO POBRANIA<\/span><\/strong><\/span><\/a><\/p>\n","protected":false},"excerpt":{"rendered":"<p>Szanowni Dzia\u0142kowcy, Zarz\u0105d Ogrodu informuje, \u017ce w drugiej po\u0142owie 2022 r. Regionalna Izba Obrachunkowa w \u0141odzi przeprowadzi\u0142a w Urz\u0119dzie Gminy w Pabianicach kontrol\u0119 kompleksow\u0105.\u00a0W wyniku tej kontroli W\u00f3jt Gminy zobowi\u0105zany zosta\u0142 do sprawdzenia czy w ogrodach dzia\u0142kowych na terenie gminy altany maj\u0105 powierzchnie zabudowy 35 m2.\u00a0Tylko altany o takiej powierzchni zwolnione s\u0105 od podatku od [&hellip;]<\/p>\n","protected":false},"author":2,"featured_media":1587,"comment_status":"closed","ping_status":"open","sticky":false,"template":"","format":"standard","meta":{"footnotes":""},"categories":[1],"tags":[],"yoast_head":"<!-- This site is optimized with the Yoast SEO plugin v22.6 - https:\/\/yoast.com\/wordpress\/plugins\/seo\/ -->\n<title>ALTANY, PODATEK OD NIERUCHOMO\u015aCI - OGRODY DZIA\u0141KOWE S\u0141ONECZNA POLANA PAWLIKOWICE<\/title>\n<meta name=\"robots\" content=\"index, follow, max-snippet:-1, max-image-preview:large, max-video-preview:-1\" \/>\n<link rel=\"canonical\" href=\"https:\/\/rodslonecznapolana.pl\/index.php\/2023\/05\/25\/altany-podatek-nieruchomosci\/\" \/>\n<meta property=\"og:locale\" content=\"pl_PL\" \/>\n<meta property=\"og:type\" content=\"article\" \/>\n<meta property=\"og:title\" content=\"ALTANY, PODATEK OD NIERUCHOMO\u015aCI - OGRODY DZIA\u0141KOWE S\u0141ONECZNA POLANA PAWLIKOWICE\" \/>\n<meta property=\"og:description\" content=\"Szanowni Dzia\u0142kowcy, Zarz\u0105d Ogrodu informuje, \u017ce w drugiej po\u0142owie 2022 r. Regionalna Izba Obrachunkowa w \u0141odzi przeprowadzi\u0142a w Urz\u0119dzie Gminy w Pabianicach kontrol\u0119 kompleksow\u0105.\u00a0W wyniku tej kontroli W\u00f3jt Gminy zobowi\u0105zany zosta\u0142 do sprawdzenia czy w ogrodach dzia\u0142kowych na terenie gminy altany maj\u0105 powierzchnie zabudowy 35 m2.\u00a0Tylko altany o takiej powierzchni zwolnione s\u0105 od podatku od [&hellip;]\" \/>\n<meta property=\"og:url\" content=\"https:\/\/rodslonecznapolana.pl\/index.php\/2023\/05\/25\/altany-podatek-nieruchomosci\/\" \/>\n<meta property=\"og:site_name\" content=\"OGRODY DZIA\u0141KOWE S\u0141ONECZNA POLANA PAWLIKOWICE\" \/>\n<meta property=\"article:published_time\" content=\"2023-05-25T05:39:13+00:00\" \/>\n<meta property=\"og:image\" content=\"https:\/\/rodslonecznapolana.pl\/wp-content\/uploads\/2023\/05\/360_F_105684315_KrJ8TaZcwpehhewsNZ8NkDyysZrybTfl.jpg\" \/>\n\t<meta property=\"og:image:width\" content=\"509\" \/>\n\t<meta property=\"og:image:height\" content=\"360\" \/>\n\t<meta property=\"og:image:type\" content=\"image\/jpeg\" \/>\n<meta name=\"author\" content=\"slonecznapolanarod@gmail.com\" \/>\n<meta name=\"twitter:card\" content=\"summary_large_image\" \/>\n<meta name=\"twitter:label1\" content=\"Napisane przez\" \/>\n\t<meta name=\"twitter:data1\" content=\"slonecznapolanarod@gmail.com\" \/>\n\t<meta name=\"twitter:label2\" content=\"Szacowany czas czytania\" \/>\n\t<meta name=\"twitter:data2\" content=\"1 minuta\" \/>\n<script type=\"application\/ld+json\" class=\"yoast-schema-graph\">{\"@context\":\"https:\/\/schema.org\",\"@graph\":[{\"@type\":\"WebPage\",\"@id\":\"https:\/\/rodslonecznapolana.pl\/index.php\/2023\/05\/25\/altany-podatek-nieruchomosci\/\",\"url\":\"https:\/\/rodslonecznapolana.pl\/index.php\/2023\/05\/25\/altany-podatek-nieruchomosci\/\",\"name\":\"ALTANY, PODATEK OD NIERUCHOMO\u015aCI - OGRODY DZIA\u0141KOWE S\u0141ONECZNA POLANA PAWLIKOWICE\",\"isPartOf\":{\"@id\":\"https:\/\/rodslonecznapolana.pl\/#website\"},\"primaryImageOfPage\":{\"@id\":\"https:\/\/rodslonecznapolana.pl\/index.php\/2023\/05\/25\/altany-podatek-nieruchomosci\/#primaryimage\"},\"image\":{\"@id\":\"https:\/\/rodslonecznapolana.pl\/index.php\/2023\/05\/25\/altany-podatek-nieruchomosci\/#primaryimage\"},\"thumbnailUrl\":\"https:\/\/rodslonecznapolana.pl\/wp-content\/uploads\/2023\/05\/360_F_105684315_KrJ8TaZcwpehhewsNZ8NkDyysZrybTfl.jpg\",\"datePublished\":\"2023-05-25T05:39:13+00:00\",\"dateModified\":\"2023-05-25T05:39:13+00:00\",\"author\":{\"@id\":\"https:\/\/rodslonecznapolana.pl\/#\/schema\/person\/e1f11991694e9fa7757769079fa1c460\"},\"breadcrumb\":{\"@id\":\"https:\/\/rodslonecznapolana.pl\/index.php\/2023\/05\/25\/altany-podatek-nieruchomosci\/#breadcrumb\"},\"inLanguage\":\"pl-PL\",\"potentialAction\":[{\"@type\":\"ReadAction\",\"target\":[\"https:\/\/rodslonecznapolana.pl\/index.php\/2023\/05\/25\/altany-podatek-nieruchomosci\/\"]}]},{\"@type\":\"ImageObject\",\"inLanguage\":\"pl-PL\",\"@id\":\"https:\/\/rodslonecznapolana.pl\/index.php\/2023\/05\/25\/altany-podatek-nieruchomosci\/#primaryimage\",\"url\":\"https:\/\/rodslonecznapolana.pl\/wp-content\/uploads\/2023\/05\/360_F_105684315_KrJ8TaZcwpehhewsNZ8NkDyysZrybTfl.jpg\",\"contentUrl\":\"https:\/\/rodslonecznapolana.pl\/wp-content\/uploads\/2023\/05\/360_F_105684315_KrJ8TaZcwpehhewsNZ8NkDyysZrybTfl.jpg\",\"width\":509,\"height\":360},{\"@type\":\"BreadcrumbList\",\"@id\":\"https:\/\/rodslonecznapolana.pl\/index.php\/2023\/05\/25\/altany-podatek-nieruchomosci\/#breadcrumb\",\"itemListElement\":[{\"@type\":\"ListItem\",\"position\":1,\"name\":\"Strona g\u0142\u00f3wna\",\"item\":\"https:\/\/rodslonecznapolana.pl\/\"},{\"@type\":\"ListItem\",\"position\":2,\"name\":\"ALTANY, PODATEK OD NIERUCHOMO\u015aCI\"}]},{\"@type\":\"WebSite\",\"@id\":\"https:\/\/rodslonecznapolana.pl\/#website\",\"url\":\"https:\/\/rodslonecznapolana.pl\/\",\"name\":\"OGRODY DZIA\u0141KOWE S\u0141ONECZNA POLANA PAWLIKOWICE\",\"description\":\"\",\"potentialAction\":[{\"@type\":\"SearchAction\",\"target\":{\"@type\":\"EntryPoint\",\"urlTemplate\":\"https:\/\/rodslonecznapolana.pl\/?s={search_term_string}\"},\"query-input\":\"required name=search_term_string\"}],\"inLanguage\":\"pl-PL\"},{\"@type\":\"Person\",\"@id\":\"https:\/\/rodslonecznapolana.pl\/#\/schema\/person\/e1f11991694e9fa7757769079fa1c460\",\"name\":\"slonecznapolanarod@gmail.com\",\"image\":{\"@type\":\"ImageObject\",\"inLanguage\":\"pl-PL\",\"@id\":\"https:\/\/rodslonecznapolana.pl\/#\/schema\/person\/image\/\",\"url\":\"https:\/\/secure.gravatar.com\/avatar\/4e1b7da00bbbef286abc5d10e669a6f0?s=96&d=mm&r=g\",\"contentUrl\":\"https:\/\/secure.gravatar.com\/avatar\/4e1b7da00bbbef286abc5d10e669a6f0?s=96&d=mm&r=g\",\"caption\":\"slonecznapolanarod@gmail.com\"},\"url\":\"https:\/\/rodslonecznapolana.pl\/index.php\/author\/slonecznapolanarodgmail-com\/\"}]}<\/script>\n<!-- \/ Yoast SEO plugin. -->","yoast_head_json":{"title":"ALTANY, PODATEK OD NIERUCHOMO\u015aCI - OGRODY DZIA\u0141KOWE S\u0141ONECZNA POLANA PAWLIKOWICE","robots":{"index":"index","follow":"follow","max-snippet":"max-snippet:-1","max-image-preview":"max-image-preview:large","max-video-preview":"max-video-preview:-1"},"canonical":"https:\/\/rodslonecznapolana.pl\/index.php\/2023\/05\/25\/altany-podatek-nieruchomosci\/","og_locale":"pl_PL","og_type":"article","og_title":"ALTANY, PODATEK OD NIERUCHOMO\u015aCI - OGRODY DZIA\u0141KOWE S\u0141ONECZNA POLANA PAWLIKOWICE","og_description":"Szanowni Dzia\u0142kowcy, Zarz\u0105d Ogrodu informuje, \u017ce w drugiej po\u0142owie 2022 r. Regionalna Izba Obrachunkowa w \u0141odzi przeprowadzi\u0142a w Urz\u0119dzie Gminy w Pabianicach kontrol\u0119 kompleksow\u0105.\u00a0W wyniku tej kontroli W\u00f3jt Gminy zobowi\u0105zany zosta\u0142 do sprawdzenia czy w ogrodach dzia\u0142kowych na terenie gminy altany maj\u0105 powierzchnie zabudowy 35 m2.\u00a0Tylko altany o takiej powierzchni zwolnione s\u0105 od podatku od [&hellip;]","og_url":"https:\/\/rodslonecznapolana.pl\/index.php\/2023\/05\/25\/altany-podatek-nieruchomosci\/","og_site_name":"OGRODY DZIA\u0141KOWE S\u0141ONECZNA POLANA PAWLIKOWICE","article_published_time":"2023-05-25T05:39:13+00:00","og_image":[{"width":509,"height":360,"url":"https:\/\/rodslonecznapolana.pl\/wp-content\/uploads\/2023\/05\/360_F_105684315_KrJ8TaZcwpehhewsNZ8NkDyysZrybTfl.jpg","type":"image\/jpeg"}],"author":"slonecznapolanarod@gmail.com","twitter_card":"summary_large_image","twitter_misc":{"Napisane przez":"slonecznapolanarod@gmail.com","Szacowany czas czytania":"1 minuta"},"schema":{"@context":"https:\/\/schema.org","@graph":[{"@type":"WebPage","@id":"https:\/\/rodslonecznapolana.pl\/index.php\/2023\/05\/25\/altany-podatek-nieruchomosci\/","url":"https:\/\/rodslonecznapolana.pl\/index.php\/2023\/05\/25\/altany-podatek-nieruchomosci\/","name":"ALTANY, PODATEK OD NIERUCHOMO\u015aCI - OGRODY DZIA\u0141KOWE S\u0141ONECZNA POLANA PAWLIKOWICE","isPartOf":{"@id":"https:\/\/rodslonecznapolana.pl\/#website"},"primaryImageOfPage":{"@id":"https:\/\/rodslonecznapolana.pl\/index.php\/2023\/05\/25\/altany-podatek-nieruchomosci\/#primaryimage"},"image":{"@id":"https:\/\/rodslonecznapolana.pl\/index.php\/2023\/05\/25\/altany-podatek-nieruchomosci\/#primaryimage"},"thumbnailUrl":"https:\/\/rodslonecznapolana.pl\/wp-content\/uploads\/2023\/05\/360_F_105684315_KrJ8TaZcwpehhewsNZ8NkDyysZrybTfl.jpg","datePublished":"2023-05-25T05:39:13+00:00","dateModified":"2023-05-25T05:39:13+00:00","author":{"@id":"https:\/\/rodslonecznapolana.pl\/#\/schema\/person\/e1f11991694e9fa7757769079fa1c460"},"breadcrumb":{"@id":"https:\/\/rodslonecznapolana.pl\/index.php\/2023\/05\/25\/altany-podatek-nieruchomosci\/#breadcrumb"},"inLanguage":"pl-PL","potentialAction":[{"@type":"ReadAction","target":["https:\/\/rodslonecznapolana.pl\/index.php\/2023\/05\/25\/altany-podatek-nieruchomosci\/"]}]},{"@type":"ImageObject","inLanguage":"pl-PL","@id":"https:\/\/rodslonecznapolana.pl\/index.php\/2023\/05\/25\/altany-podatek-nieruchomosci\/#primaryimage","url":"https:\/\/rodslonecznapolana.pl\/wp-content\/uploads\/2023\/05\/360_F_105684315_KrJ8TaZcwpehhewsNZ8NkDyysZrybTfl.jpg","contentUrl":"https:\/\/rodslonecznapolana.pl\/wp-content\/uploads\/2023\/05\/360_F_105684315_KrJ8TaZcwpehhewsNZ8NkDyysZrybTfl.jpg","width":509,"height":360},{"@type":"BreadcrumbList","@id":"https:\/\/rodslonecznapolana.pl\/index.php\/2023\/05\/25\/altany-podatek-nieruchomosci\/#breadcrumb","itemListElement":[{"@type":"ListItem","position":1,"name":"Strona g\u0142\u00f3wna","item":"https:\/\/rodslonecznapolana.pl\/"},{"@type":"ListItem","position":2,"name":"ALTANY, PODATEK OD NIERUCHOMO\u015aCI"}]},{"@type":"WebSite","@id":"https:\/\/rodslonecznapolana.pl\/#website","url":"https:\/\/rodslonecznapolana.pl\/","name":"OGRODY DZIA\u0141KOWE S\u0141ONECZNA POLANA PAWLIKOWICE","description":"","potentialAction":[{"@type":"SearchAction","target":{"@type":"EntryPoint","urlTemplate":"https:\/\/rodslonecznapolana.pl\/?s={search_term_string}"},"query-input":"required name=search_term_string"}],"inLanguage":"pl-PL"},{"@type":"Person","@id":"https:\/\/rodslonecznapolana.pl\/#\/schema\/person\/e1f11991694e9fa7757769079fa1c460","name":"slonecznapolanarod@gmail.com","image":{"@type":"ImageObject","inLanguage":"pl-PL","@id":"https:\/\/rodslonecznapolana.pl\/#\/schema\/person\/image\/","url":"https:\/\/secure.gravatar.com\/avatar\/4e1b7da00bbbef286abc5d10e669a6f0?s=96&d=mm&r=g","contentUrl":"https:\/\/secure.gravatar.com\/avatar\/4e1b7da00bbbef286abc5d10e669a6f0?s=96&d=mm&r=g","caption":"slonecznapolanarod@gmail.com"},"url":"https:\/\/rodslonecznapolana.pl\/index.php\/author\/slonecznapolanarodgmail-com\/"}]}},"_links":{"self":[{"href":"https:\/\/rodslonecznapolana.pl\/index.php\/wp-json\/wp\/v2\/posts\/1582"}],"collection":[{"href":"https:\/\/rodslonecznapolana.pl\/index.php\/wp-json\/wp\/v2\/posts"}],"about":[{"href":"https:\/\/rodslonecznapolana.pl\/index.php\/wp-json\/wp\/v2\/types\/post"}],"author":[{"embeddable":true,"href":"https:\/\/rodslonecznapolana.pl\/index.php\/wp-json\/wp\/v2\/users\/2"}],"replies":[{"embeddable":true,"href":"https:\/\/rodslonecznapolana.pl\/index.php\/wp-json\/wp\/v2\/comments?post=1582"}],"version-history":[{"count":4,"href":"https:\/\/rodslonecznapolana.pl\/index.php\/wp-json\/wp\/v2\/posts\/1582\/revisions"}],"predecessor-version":[{"id":1588,"href":"https:\/\/rodslonecznapolana.pl\/index.php\/wp-json\/wp\/v2\/posts\/1582\/revisions\/1588"}],"wp:featuredmedia":[{"embeddable":true,"href":"https:\/\/rodslonecznapolana.pl\/index.php\/wp-json\/wp\/v2\/media\/1587"}],"wp:attachment":[{"href":"https:\/\/rodslonecznapolana.pl\/index.php\/wp-json\/wp\/v2\/media?parent=1582"}],"wp:term":[{"taxonomy":"category","embeddable":true,"href":"https:\/\/rodslonecznapolana.pl\/index.php\/wp-json\/wp\/v2\/categories?post=1582"},{"taxonomy":"post_tag","embeddable":true,"href":"https:\/\/rodslonecznapolana.pl\/index.php\/wp-json\/wp\/v2\/tags?post=1582"}],"curies":[{"name":"wp","href":"https:\/\/api.w.org\/{rel}","templated":true}]}}