{"id":1603,"date":"2023-07-10T20:21:48","date_gmt":"2023-07-10T18:21:48","guid":{"rendered":"http:\/\/rodslonecznapolana.pl\/?p=1603"},"modified":"2023-07-10T21:11:58","modified_gmt":"2023-07-10T19:11:58","slug":"konkurs-pn-wakacje-rodzina-dzielce","status":"publish","type":"post","link":"https:\/\/rodslonecznapolana.pl\/index.php\/2023\/07\/10\/konkurs-pn-wakacje-rodzina-dzielce\/","title":{"rendered":"KONKURS PN. &#8222;WAKACJE Z RODZIN\u0104 NA DZIA\u0141CE"},"content":{"rendered":"<p style=\"text-align: right;\">Za\u0142\u0105cznik nr 1 do uchwa\u0142y nr \/2021<br \/>\nOZ\u0141 PZD z dnia 7 maja 2021r.<\/p>\n<p><span style=\"font-size: 14pt;\"><strong>REGULAMIN KONKURSU REPORTERSKIEGO pn. \u201eWakacje z RODzin\u0105 na dzia\u0142ce\u201d \u2013OKR\u0118G \u0141\u00d3DZKI W \u0141ODZI<\/strong><\/span><\/p>\n<p>PRZEPISY OG\u00d3LNE:<br \/>\n1. Organizatorem Konkursu reporterskiego pn. \u201eWakacje z RODzin\u0105 na dzia\u0142ce\u201d\u201d zwanego dalej \u201eKonkursem\u201d jest Okr\u0119g \u0141\u00f3dzki PZD w \u0141odzi, ul. Warecka 3 zwany dalej \u201eOrganizatorem\u201d.<br \/>\n2. Warunkiem wzi\u0119cia udzia\u0142u w konkursie jest wype\u0142nienie formularza zg\u0142oszeniowego przez Uczestnika (za\u0142\u0105cznik nr 1)<br \/>\nCELE KONKURSU:<br \/>\n1. Promowanie walor\u00f3w Rodzinnych Ogrod\u00f3w Dzia\u0142kowych (ROD) Okr\u0119gu \u0141\u00f3dzkiego.<br \/>\n2. Rozbudzanie, szczeg\u00f3lnie w\u015br\u00f3d m\u0142odszego pokolenia dzia\u0142kowc\u00f3w zainteresowania ogrodnictwem dzia\u0142kowym, przyrod\u0105 w\u0142asnej dzia\u0142ki<br \/>\ni Rodzinnego Ogrodu Dzia\u0142kowego (ROD).<br \/>\n3. Popularyzacja upraw ogrodniczych na dzia\u0142kach ROD<br \/>\n4. Propagowanie w\u015br\u00f3d dzia\u0142kowc\u00f3w nowoczesnych form zagospodarowania i u\u017cytkowania dzia\u0142ki zgodnie z obecnie obowi\u0105zuj\u0105cymi programami PZD<br \/>\n5. Integracja spo\u0142eczno\u015bci ogrodowej.<br \/>\nPRZEDMIOT I UCZESTNICY KONKURSU:<br \/>\n1. Przedmiotem konkursu jest album zrealizowany w formie reporta\u017cu<br \/>\nz fotografiami wykonanymi na terenie dzia\u0142ki i\/lub ogrodu.<br \/>\n2. W konkursie mo\u017ce wzi\u0105\u0107 udzia\u0142: Dzia\u0142kowiec z rodzin\u0105 (doro\u015bli i dzieci) zwani dalej Uczestnikiem konkursu.<br \/>\n3. Fotografie i opisy powinny by\u0107 wykonane samodzielnie przez Uczestnika.<br \/>\nTEMATY KONKURSU:<br \/>\n1. Prezentacja walor\u00f3w dzia\u0142kowej i\/lub ogrodowej przyrody.<br \/>\n2 . Przyk\u0142ady aktywno\u015bci dzia\u0142kowych i ogrodowych np. prac ogrodniczych, zabaw i aktywno\u015bci sportowych, przedsi\u0119wzi\u0119\u0107 zwi\u0105zanych z ochron\u0105 \u015brodowiska i przyrody, spotka\u0144 rodzinnych lub towarzyskich.<br \/>\n3. Prezentacja element\u00f3w nowoczesnego zagospodarowania dzia\u0142ki i ogrodu zgodnie z obecnie obowi\u0105zuj\u0105cymi programami PZD: \u201eOtwarty program klimatyczny\u201d, \u201eBior\u00f3\u017cnorodno\u015b\u0107 na dzia\u0142kach ROD\u201d i \u201eOtwarty program nowoczesnego zagospodarowania i u\u017cytkowania dzia\u0142ek na miar\u0119 potrzeb wsp\u00f3\u0142czesnych rodzin\u201d<\/p>\n<p>PRZYJMOWANIE PRAC:<br \/>\n1. Ka\u017cdy Uczestnik mo\u017ce zg\u0142osi\u0107 jeden album z opisami w formie reporta\u017cu oraz fotografiami z okre\u015blonej kategorii tematycznej. Przyk\u0142ady kategorii tematycznych fotografii: elementy nowoczesnego zagospodarowania zgodne z w\/w programami PZD, fauna (zwierz\u0119ta) ROD, flora (ro\u015bliny) ROD, krajobraz ROD, praca na dzia\u0142ce, zabawy i spotkania w ogrodzie\/na dzia\u0142ce.<br \/>\n2. Do fotografii nale\u017cy doda\u0107 opis. Powinien on stanowi\u0107 integraln\u0105 cz\u0119\u015b\u0107 tekstu reporta\u017cu.<br \/>\n3. Album musi by\u0107 zapisany w pliku z mo\u017cliwo\u015bci\u0105 edycji np. Word, Power Point.<br \/>\n4. Album powinien by\u0107 przekazany do Organizatora:<br \/>\n&#8211; w wersji papierowej, drukowanej w formacie A4, z za\u0142\u0105czonym no\u015bnikiem elektronicznym zawieraj\u0105cym zapis tekstu i zdj\u0119\u0107 na adres: Polski Zwi\u0105zek Dzia\u0142kowc\u00f3w Okr\u0119g \u0141\u00f3dzki w \u0141odzi, ul. Warecka 3, 91-202 \u0141\u00f3d\u017a.<br \/>\n5. Termin nadsy\u0142ania prac up\u0142ywa z dniem 11 wrze\u015bnia 2023 roku.<br \/>\n6. Do albumu nale\u017cy do\u0142\u0105czy\u0107 wype\u0142niony i podpisany formularz zg\u0142oszenia<br \/>\ndo konkursu wraz z o\u015bwiadczeniem wyra\u017caj\u0105cym zgod\u0119 na wykorzystanie zdj\u0119\u0107, wed\u0142ug wzoru stanowi\u0105cego za\u0142\u0105cznik do niniejszego Regulaminu.<br \/>\nTERMINARZ:<\/p>\n<p>1. Wysy\u0142ka prac konkursowych (album\u00f3w) do 11 wrze\u015bnia 2023 r.<br \/>\n2. Rozstrzygni\u0119cie konkursu przez Komisj\u0119 Konkursow\u0105 do 25 wrze\u015bnia 2022 r.<br \/>\n2. Og\u0142oszenie wyniku konkursu do 27 wrze\u015bnia 2022 r.<br \/>\nKOMISJA KONKURSOWA:<br \/>\nOceny prac konkursowych dokona Komisja Konkursowa, powo\u0142ana przez Okr\u0119gowy Zarz\u0105d PZD w \u0141odzi.<br \/>\nKomisja zastrzega sobie prawo do zmiany w regulaminie przyznawania nagr\u00f3d<br \/>\nNAGRODY:<br \/>\nLaureaci konkursu otrzymuj\u0105 nast\u0119puj\u0105ce nagrody:<br \/>\nI miejsce \u2013 nagroda pieni\u0119\u017cna \u20131500 z\u0142<br \/>\nII miejsce \u2013 nagroda pieni\u0119\u017cna \u20131000 z\u0142<br \/>\nIII miejsce \u2013 nagroda pieni\u0119\u017cna \u2013 500 z\u0142<br \/>\nWyr\u00f3\u017cnieni otrzymuj\u0105 nagrod\u0119 pieni\u0119\u017cn\u0105 &#8211; 200 z\u0142<br \/>\nDodatkowo Laureaci konkursu otrzymuj\u0105 puchary i dyplomy, a pozostali Uczestnicy dyplomy.<br \/>\nPowiadomienie o przyznanych nagrodach nast\u0105pi w formie mailowej<br \/>\ni informacji na stronie internetowej Okr\u0119gu \u0141\u00f3dzkiego PZD.<br \/>\nNagrodzone prace zostan\u0105 opublikowane na stronach internetowych Polskiego Zwi\u0105zku Dzia\u0142kowc\u00f3w.<br \/>\nNagrody i wyr\u00f3\u017cnienia zostan\u0105 wr\u0119czone w czasie uroczysto\u015bci \u201eOkr\u0119gowych Dni Dzia\u0142kowca 2023.\u201d<\/p>\n<p>\/-\/ Organizator<\/p>\n<p><span style=\"font-size: 12pt; color: #800000;\"><b>Za\u0142\u0105czniki:<\/b><\/span><\/p>\n<p><a href=\"http:\/\/rodslonecznapolana.pl\/wp-content\/uploads\/2023\/07\/O\u015bwiadczenie-wakace-ROD.docx\"><strong>O\u015bwiadczenie wakacje ROD<\/strong><\/a><\/p>\n<p><strong><a href=\"http:\/\/rodslonecznapolana.pl\/wp-content\/uploads\/2023\/07\/Formularz-zgoszeniowy.docx\">Formularz zg\u0142oszeniowy<\/a> <\/strong><\/p>\n<p><strong><a href=\"http:\/\/rodslonecznapolana.pl\/wp-content\/uploads\/2023\/07\/Projekt-uchwa\u0142y.docx\">Projekt uchwa\u0142y<\/a> <\/strong><\/p>\n<p><strong><a href=\"http:\/\/rodslonecznapolana.pl\/wp-content\/uploads\/2023\/07\/Protok\u00f3\u0142-KK-2.docx\">Protok\u00f3\u0142 KK<\/a> <\/strong><\/p>\n<p><strong>Z<a href=\"http:\/\/rodslonecznapolana.pl\/wp-content\/uploads\/2023\/07\/Zawiadomienie-uczestnika-dane-osobowe-2.docx\">awiadomienie uczestnika &#8211; dane osobowe<\/a><\/strong><\/p>\n","protected":false},"excerpt":{"rendered":"<p>Za\u0142\u0105cznik nr 1 do uchwa\u0142y nr \/2021 OZ\u0141 PZD z dnia 7 maja 2021r. REGULAMIN KONKURSU REPORTERSKIEGO pn. \u201eWakacje z RODzin\u0105 na dzia\u0142ce\u201d \u2013OKR\u0118G \u0141\u00d3DZKI W \u0141ODZI PRZEPISY OG\u00d3LNE: 1. Organizatorem Konkursu reporterskiego pn. \u201eWakacje z RODzin\u0105 na dzia\u0142ce\u201d\u201d zwanego dalej \u201eKonkursem\u201d jest Okr\u0119g \u0141\u00f3dzki PZD w \u0141odzi, ul. Warecka 3 zwany dalej \u201eOrganizatorem\u201d. 2. [&hellip;]<\/p>\n","protected":false},"author":2,"featured_media":398,"comment_status":"closed","ping_status":"open","sticky":false,"template":"","format":"standard","meta":{"footnotes":""},"categories":[1],"tags":[],"yoast_head":"<!-- This site is optimized with the Yoast SEO plugin v22.6 - https:\/\/yoast.com\/wordpress\/plugins\/seo\/ -->\n<title>KONKURS PN. &quot;WAKACJE Z RODZIN\u0104 NA DZIA\u0141CE - OGRODY DZIA\u0141KOWE S\u0141ONECZNA POLANA PAWLIKOWICE<\/title>\n<meta name=\"robots\" content=\"index, follow, max-snippet:-1, max-image-preview:large, max-video-preview:-1\" \/>\n<link rel=\"canonical\" href=\"https:\/\/rodslonecznapolana.pl\/index.php\/2023\/07\/10\/konkurs-pn-wakacje-rodzina-dzielce\/\" \/>\n<meta property=\"og:locale\" content=\"pl_PL\" \/>\n<meta property=\"og:type\" content=\"article\" \/>\n<meta property=\"og:title\" content=\"KONKURS PN. &quot;WAKACJE Z RODZIN\u0104 NA DZIA\u0141CE - OGRODY DZIA\u0141KOWE S\u0141ONECZNA POLANA PAWLIKOWICE\" \/>\n<meta property=\"og:description\" content=\"Za\u0142\u0105cznik nr 1 do uchwa\u0142y nr \/2021 OZ\u0141 PZD z dnia 7 maja 2021r. REGULAMIN KONKURSU REPORTERSKIEGO pn. \u201eWakacje z RODzin\u0105 na dzia\u0142ce\u201d \u2013OKR\u0118G \u0141\u00d3DZKI W \u0141ODZI PRZEPISY OG\u00d3LNE: 1. Organizatorem Konkursu reporterskiego pn. \u201eWakacje z RODzin\u0105 na dzia\u0142ce\u201d\u201d zwanego dalej \u201eKonkursem\u201d jest Okr\u0119g \u0141\u00f3dzki PZD w \u0141odzi, ul. Warecka 3 zwany dalej \u201eOrganizatorem\u201d. 2. [&hellip;]\" \/>\n<meta property=\"og:url\" content=\"https:\/\/rodslonecznapolana.pl\/index.php\/2023\/07\/10\/konkurs-pn-wakacje-rodzina-dzielce\/\" \/>\n<meta property=\"og:site_name\" content=\"OGRODY DZIA\u0141KOWE S\u0141ONECZNA POLANA PAWLIKOWICE\" \/>\n<meta property=\"article:published_time\" content=\"2023-07-10T18:21:48+00:00\" \/>\n<meta property=\"article:modified_time\" content=\"2023-07-10T19:11:58+00:00\" \/>\n<meta property=\"og:image\" content=\"https:\/\/rodslonecznapolana.pl\/wp-content\/uploads\/2017\/08\/2-9.jpg\" \/>\n\t<meta property=\"og:image:width\" content=\"1152\" \/>\n\t<meta property=\"og:image:height\" content=\"768\" \/>\n\t<meta property=\"og:image:type\" content=\"image\/jpeg\" \/>\n<meta name=\"author\" content=\"slonecznapolanarod@gmail.com\" \/>\n<meta name=\"twitter:card\" content=\"summary_large_image\" \/>\n<meta name=\"twitter:label1\" content=\"Napisane przez\" \/>\n\t<meta name=\"twitter:data1\" content=\"slonecznapolanarod@gmail.com\" \/>\n\t<meta name=\"twitter:label2\" content=\"Szacowany czas czytania\" \/>\n\t<meta name=\"twitter:data2\" content=\"3 minuty\" \/>\n<script type=\"application\/ld+json\" class=\"yoast-schema-graph\">{\"@context\":\"https:\/\/schema.org\",\"@graph\":[{\"@type\":\"WebPage\",\"@id\":\"https:\/\/rodslonecznapolana.pl\/index.php\/2023\/07\/10\/konkurs-pn-wakacje-rodzina-dzielce\/\",\"url\":\"https:\/\/rodslonecznapolana.pl\/index.php\/2023\/07\/10\/konkurs-pn-wakacje-rodzina-dzielce\/\",\"name\":\"KONKURS PN. \\\"WAKACJE Z RODZIN\u0104 NA DZIA\u0141CE - OGRODY DZIA\u0141KOWE S\u0141ONECZNA POLANA PAWLIKOWICE\",\"isPartOf\":{\"@id\":\"https:\/\/rodslonecznapolana.pl\/#website\"},\"primaryImageOfPage\":{\"@id\":\"https:\/\/rodslonecznapolana.pl\/index.php\/2023\/07\/10\/konkurs-pn-wakacje-rodzina-dzielce\/#primaryimage\"},\"image\":{\"@id\":\"https:\/\/rodslonecznapolana.pl\/index.php\/2023\/07\/10\/konkurs-pn-wakacje-rodzina-dzielce\/#primaryimage\"},\"thumbnailUrl\":\"https:\/\/rodslonecznapolana.pl\/wp-content\/uploads\/2017\/08\/2-9.jpg\",\"datePublished\":\"2023-07-10T18:21:48+00:00\",\"dateModified\":\"2023-07-10T19:11:58+00:00\",\"author\":{\"@id\":\"https:\/\/rodslonecznapolana.pl\/#\/schema\/person\/e1f11991694e9fa7757769079fa1c460\"},\"breadcrumb\":{\"@id\":\"https:\/\/rodslonecznapolana.pl\/index.php\/2023\/07\/10\/konkurs-pn-wakacje-rodzina-dzielce\/#breadcrumb\"},\"inLanguage\":\"pl-PL\",\"potentialAction\":[{\"@type\":\"ReadAction\",\"target\":[\"https:\/\/rodslonecznapolana.pl\/index.php\/2023\/07\/10\/konkurs-pn-wakacje-rodzina-dzielce\/\"]}]},{\"@type\":\"ImageObject\",\"inLanguage\":\"pl-PL\",\"@id\":\"https:\/\/rodslonecznapolana.pl\/index.php\/2023\/07\/10\/konkurs-pn-wakacje-rodzina-dzielce\/#primaryimage\",\"url\":\"https:\/\/rodslonecznapolana.pl\/wp-content\/uploads\/2017\/08\/2-9.jpg\",\"contentUrl\":\"https:\/\/rodslonecznapolana.pl\/wp-content\/uploads\/2017\/08\/2-9.jpg\",\"width\":1152,\"height\":768},{\"@type\":\"BreadcrumbList\",\"@id\":\"https:\/\/rodslonecznapolana.pl\/index.php\/2023\/07\/10\/konkurs-pn-wakacje-rodzina-dzielce\/#breadcrumb\",\"itemListElement\":[{\"@type\":\"ListItem\",\"position\":1,\"name\":\"Strona g\u0142\u00f3wna\",\"item\":\"https:\/\/rodslonecznapolana.pl\/\"},{\"@type\":\"ListItem\",\"position\":2,\"name\":\"KONKURS PN. &#8222;WAKACJE Z RODZIN\u0104 NA DZIA\u0141CE\"}]},{\"@type\":\"WebSite\",\"@id\":\"https:\/\/rodslonecznapolana.pl\/#website\",\"url\":\"https:\/\/rodslonecznapolana.pl\/\",\"name\":\"OGRODY DZIA\u0141KOWE S\u0141ONECZNA POLANA PAWLIKOWICE\",\"description\":\"\",\"potentialAction\":[{\"@type\":\"SearchAction\",\"target\":{\"@type\":\"EntryPoint\",\"urlTemplate\":\"https:\/\/rodslonecznapolana.pl\/?s={search_term_string}\"},\"query-input\":\"required name=search_term_string\"}],\"inLanguage\":\"pl-PL\"},{\"@type\":\"Person\",\"@id\":\"https:\/\/rodslonecznapolana.pl\/#\/schema\/person\/e1f11991694e9fa7757769079fa1c460\",\"name\":\"slonecznapolanarod@gmail.com\",\"image\":{\"@type\":\"ImageObject\",\"inLanguage\":\"pl-PL\",\"@id\":\"https:\/\/rodslonecznapolana.pl\/#\/schema\/person\/image\/\",\"url\":\"https:\/\/secure.gravatar.com\/avatar\/4e1b7da00bbbef286abc5d10e669a6f0?s=96&d=mm&r=g\",\"contentUrl\":\"https:\/\/secure.gravatar.com\/avatar\/4e1b7da00bbbef286abc5d10e669a6f0?s=96&d=mm&r=g\",\"caption\":\"slonecznapolanarod@gmail.com\"},\"url\":\"https:\/\/rodslonecznapolana.pl\/index.php\/author\/slonecznapolanarodgmail-com\/\"}]}<\/script>\n<!-- \/ Yoast SEO plugin. -->","yoast_head_json":{"title":"KONKURS PN. \"WAKACJE Z RODZIN\u0104 NA DZIA\u0141CE - OGRODY DZIA\u0141KOWE S\u0141ONECZNA POLANA PAWLIKOWICE","robots":{"index":"index","follow":"follow","max-snippet":"max-snippet:-1","max-image-preview":"max-image-preview:large","max-video-preview":"max-video-preview:-1"},"canonical":"https:\/\/rodslonecznapolana.pl\/index.php\/2023\/07\/10\/konkurs-pn-wakacje-rodzina-dzielce\/","og_locale":"pl_PL","og_type":"article","og_title":"KONKURS PN. \"WAKACJE Z RODZIN\u0104 NA DZIA\u0141CE - OGRODY DZIA\u0141KOWE S\u0141ONECZNA POLANA PAWLIKOWICE","og_description":"Za\u0142\u0105cznik nr 1 do uchwa\u0142y nr \/2021 OZ\u0141 PZD z dnia 7 maja 2021r. REGULAMIN KONKURSU REPORTERSKIEGO pn. \u201eWakacje z RODzin\u0105 na dzia\u0142ce\u201d \u2013OKR\u0118G \u0141\u00d3DZKI W \u0141ODZI PRZEPISY OG\u00d3LNE: 1. Organizatorem Konkursu reporterskiego pn. \u201eWakacje z RODzin\u0105 na dzia\u0142ce\u201d\u201d zwanego dalej \u201eKonkursem\u201d jest Okr\u0119g \u0141\u00f3dzki PZD w \u0141odzi, ul. Warecka 3 zwany dalej \u201eOrganizatorem\u201d. 2. [&hellip;]","og_url":"https:\/\/rodslonecznapolana.pl\/index.php\/2023\/07\/10\/konkurs-pn-wakacje-rodzina-dzielce\/","og_site_name":"OGRODY DZIA\u0141KOWE S\u0141ONECZNA POLANA PAWLIKOWICE","article_published_time":"2023-07-10T18:21:48+00:00","article_modified_time":"2023-07-10T19:11:58+00:00","og_image":[{"width":1152,"height":768,"url":"https:\/\/rodslonecznapolana.pl\/wp-content\/uploads\/2017\/08\/2-9.jpg","type":"image\/jpeg"}],"author":"slonecznapolanarod@gmail.com","twitter_card":"summary_large_image","twitter_misc":{"Napisane przez":"slonecznapolanarod@gmail.com","Szacowany czas czytania":"3 minuty"},"schema":{"@context":"https:\/\/schema.org","@graph":[{"@type":"WebPage","@id":"https:\/\/rodslonecznapolana.pl\/index.php\/2023\/07\/10\/konkurs-pn-wakacje-rodzina-dzielce\/","url":"https:\/\/rodslonecznapolana.pl\/index.php\/2023\/07\/10\/konkurs-pn-wakacje-rodzina-dzielce\/","name":"KONKURS PN. \"WAKACJE Z RODZIN\u0104 NA DZIA\u0141CE - OGRODY DZIA\u0141KOWE S\u0141ONECZNA POLANA PAWLIKOWICE","isPartOf":{"@id":"https:\/\/rodslonecznapolana.pl\/#website"},"primaryImageOfPage":{"@id":"https:\/\/rodslonecznapolana.pl\/index.php\/2023\/07\/10\/konkurs-pn-wakacje-rodzina-dzielce\/#primaryimage"},"image":{"@id":"https:\/\/rodslonecznapolana.pl\/index.php\/2023\/07\/10\/konkurs-pn-wakacje-rodzina-dzielce\/#primaryimage"},"thumbnailUrl":"https:\/\/rodslonecznapolana.pl\/wp-content\/uploads\/2017\/08\/2-9.jpg","datePublished":"2023-07-10T18:21:48+00:00","dateModified":"2023-07-10T19:11:58+00:00","author":{"@id":"https:\/\/rodslonecznapolana.pl\/#\/schema\/person\/e1f11991694e9fa7757769079fa1c460"},"breadcrumb":{"@id":"https:\/\/rodslonecznapolana.pl\/index.php\/2023\/07\/10\/konkurs-pn-wakacje-rodzina-dzielce\/#breadcrumb"},"inLanguage":"pl-PL","potentialAction":[{"@type":"ReadAction","target":["https:\/\/rodslonecznapolana.pl\/index.php\/2023\/07\/10\/konkurs-pn-wakacje-rodzina-dzielce\/"]}]},{"@type":"ImageObject","inLanguage":"pl-PL","@id":"https:\/\/rodslonecznapolana.pl\/index.php\/2023\/07\/10\/konkurs-pn-wakacje-rodzina-dzielce\/#primaryimage","url":"https:\/\/rodslonecznapolana.pl\/wp-content\/uploads\/2017\/08\/2-9.jpg","contentUrl":"https:\/\/rodslonecznapolana.pl\/wp-content\/uploads\/2017\/08\/2-9.jpg","width":1152,"height":768},{"@type":"BreadcrumbList","@id":"https:\/\/rodslonecznapolana.pl\/index.php\/2023\/07\/10\/konkurs-pn-wakacje-rodzina-dzielce\/#breadcrumb","itemListElement":[{"@type":"ListItem","position":1,"name":"Strona g\u0142\u00f3wna","item":"https:\/\/rodslonecznapolana.pl\/"},{"@type":"ListItem","position":2,"name":"KONKURS PN. &#8222;WAKACJE Z RODZIN\u0104 NA DZIA\u0141CE"}]},{"@type":"WebSite","@id":"https:\/\/rodslonecznapolana.pl\/#website","url":"https:\/\/rodslonecznapolana.pl\/","name":"OGRODY DZIA\u0141KOWE S\u0141ONECZNA POLANA PAWLIKOWICE","description":"","potentialAction":[{"@type":"SearchAction","target":{"@type":"EntryPoint","urlTemplate":"https:\/\/rodslonecznapolana.pl\/?s={search_term_string}"},"query-input":"required name=search_term_string"}],"inLanguage":"pl-PL"},{"@type":"Person","@id":"https:\/\/rodslonecznapolana.pl\/#\/schema\/person\/e1f11991694e9fa7757769079fa1c460","name":"slonecznapolanarod@gmail.com","image":{"@type":"ImageObject","inLanguage":"pl-PL","@id":"https:\/\/rodslonecznapolana.pl\/#\/schema\/person\/image\/","url":"https:\/\/secure.gravatar.com\/avatar\/4e1b7da00bbbef286abc5d10e669a6f0?s=96&d=mm&r=g","contentUrl":"https:\/\/secure.gravatar.com\/avatar\/4e1b7da00bbbef286abc5d10e669a6f0?s=96&d=mm&r=g","caption":"slonecznapolanarod@gmail.com"},"url":"https:\/\/rodslonecznapolana.pl\/index.php\/author\/slonecznapolanarodgmail-com\/"}]}},"_links":{"self":[{"href":"https:\/\/rodslonecznapolana.pl\/index.php\/wp-json\/wp\/v2\/posts\/1603"}],"collection":[{"href":"https:\/\/rodslonecznapolana.pl\/index.php\/wp-json\/wp\/v2\/posts"}],"about":[{"href":"https:\/\/rodslonecznapolana.pl\/index.php\/wp-json\/wp\/v2\/types\/post"}],"author":[{"embeddable":true,"href":"https:\/\/rodslonecznapolana.pl\/index.php\/wp-json\/wp\/v2\/users\/2"}],"replies":[{"embeddable":true,"href":"https:\/\/rodslonecznapolana.pl\/index.php\/wp-json\/wp\/v2\/comments?post=1603"}],"version-history":[{"count":5,"href":"https:\/\/rodslonecznapolana.pl\/index.php\/wp-json\/wp\/v2\/posts\/1603\/revisions"}],"predecessor-version":[{"id":1607,"href":"https:\/\/rodslonecznapolana.pl\/index.php\/wp-json\/wp\/v2\/posts\/1603\/revisions\/1607"}],"wp:featuredmedia":[{"embeddable":true,"href":"https:\/\/rodslonecznapolana.pl\/index.php\/wp-json\/wp\/v2\/media\/398"}],"wp:attachment":[{"href":"https:\/\/rodslonecznapolana.pl\/index.php\/wp-json\/wp\/v2\/media?parent=1603"}],"wp:term":[{"taxonomy":"category","embeddable":true,"href":"https:\/\/rodslonecznapolana.pl\/index.php\/wp-json\/wp\/v2\/categories?post=1603"},{"taxonomy":"post_tag","embeddable":true,"href":"https:\/\/rodslonecznapolana.pl\/index.php\/wp-json\/wp\/v2\/tags?post=1603"}],"curies":[{"name":"wp","href":"https:\/\/api.w.org\/{rel}","templated":true}]}}