{"id":1643,"date":"2023-07-20T18:49:50","date_gmt":"2023-07-20T16:49:50","guid":{"rendered":"http:\/\/rodslonecznapolana.pl\/?p=1643"},"modified":"2023-07-20T18:51:43","modified_gmt":"2023-07-20T16:51:43","slug":"zaproszenie-biesiade-okazji-jubileuszu-40-ogrodu","status":"publish","type":"post","link":"https:\/\/rodslonecznapolana.pl\/index.php\/2023\/07\/20\/zaproszenie-biesiade-okazji-jubileuszu-40-ogrodu\/","title":{"rendered":"Zaproszenie na biesiad\u0119 z okazji jubileuszu 40 lat Ogrodu"},"content":{"rendered":"<p style=\"text-align: center;\"><span style=\"font-size: 24pt;\"><strong>Zaproszenie<\/strong><\/span><\/p>\n<p style=\"text-align: center;\"><span style=\"font-size: 18pt; color: #800000;\"><strong>40 lat min\u0119\u0142o jak jeden dzie\u0144,<\/strong><\/span><\/p>\n<p style=\"text-align: center;\"><span style=\"font-size: 18pt; color: #800000;\"><strong><img loading=\"lazy\" decoding=\"async\" class=\"aligncenter\" src=\"https:\/\/st2.depositphotos.com\/1010915\/12254\/v\/450\/depositphotos_122548534-stock-illustration-dancing-couples-cartoon.jpg\" alt=\"Sylwetka taniec towarzyski taniec pary \u2014 Grafika wektorowa \u00a9 roman4 ...\" width=\"217\" height=\"153\" \/><\/strong><strong>wi\u0119c przysz\u0142a pora,\u00a0<\/strong><strong>by jubileusz \u015bwi\u0119towa\u0107 ten,<\/strong><\/span><\/p>\n<p style=\"text-align: center;\"><span style=\"font-size: 18pt; color: #800000;\"><strong>toast szampanem wypijmy razem,<img loading=\"lazy\" decoding=\"async\" class=\"alignright\" src=\"https:\/\/st2.depositphotos.com\/1010915\/12254\/v\/450\/depositphotos_122548534-stock-illustration-dancing-couples-cartoon.jpg\" alt=\"Sylwetka taniec towarzyski taniec pary \u2014 Grafika wektorowa \u00a9 roman4 ...\" width=\"217\" height=\"153\" \/><\/strong><\/span><\/p>\n<p style=\"text-align: center;\"><span style=\"font-size: 18pt; color: #800000;\"><strong>a zaraz potem zacznijmy zabaw\u0119,\u00a0<\/strong><strong>weso\u0142\u0105, szalon\u0105, <\/strong><\/span><\/p>\n<p style=\"text-align: center;\"><span style=\"font-size: 18pt; color: #800000;\"><strong><img loading=\"lazy\" decoding=\"async\" class=\"alignleft\" src=\"https:\/\/st2.depositphotos.com\/1010915\/12254\/v\/450\/depositphotos_122548534-stock-illustration-dancing-couples-cartoon.jpg\" alt=\"Sylwetka taniec towarzyski taniec pary \u2014 Grafika wektorowa \u00a9 roman4 ...\" width=\"217\" height=\"153\" \/>prawie do rana,\u00a0<\/strong><strong>bo taki jubileusz, to tak wypada.<\/strong><\/span><\/p>\n<p style=\"text-align: center;\"><span style=\"font-size: 18pt; color: #003300;\"><strong>Sobota, dn. 5 sierpnia godz. 18.00,<\/strong><\/span><\/p>\n<p style=\"text-align: center;\"><span style=\"font-size: 18pt; color: #003300;\"><strong>jak zwykle zielona trawa.<\/strong><\/span><\/p>\n<p style=\"text-align: right;\"><em><span style=\"font-size: 14pt;\"><strong>Zarz\u0105d prosi o punktualne przybycie.<\/strong><\/span><\/em><\/p>\n","protected":false},"excerpt":{"rendered":"<p>Zaproszenie 40 lat min\u0119\u0142o jak jeden dzie\u0144, wi\u0119c przysz\u0142a pora,\u00a0by jubileusz \u015bwi\u0119towa\u0107 ten, toast szampanem wypijmy razem, a zaraz potem zacznijmy zabaw\u0119,\u00a0weso\u0142\u0105, szalon\u0105, prawie do rana,\u00a0bo taki jubileusz, to tak wypada. Sobota, dn. 5 sierpnia godz. 18.00, jak zwykle zielona trawa. Zarz\u0105d prosi o punktualne przybycie.<\/p>\n","protected":false},"author":2,"featured_media":408,"comment_status":"closed","ping_status":"open","sticky":false,"template":"","format":"standard","meta":{"footnotes":""},"categories":[1],"tags":[],"yoast_head":"<!-- This site is optimized with the Yoast SEO plugin v22.6 - https:\/\/yoast.com\/wordpress\/plugins\/seo\/ -->\n<title>Zaproszenie na biesiad\u0119 z okazji jubileuszu 40 lat Ogrodu - OGRODY DZIA\u0141KOWE S\u0141ONECZNA POLANA PAWLIKOWICE<\/title>\n<meta name=\"robots\" content=\"index, follow, max-snippet:-1, max-image-preview:large, max-video-preview:-1\" \/>\n<link rel=\"canonical\" href=\"https:\/\/rodslonecznapolana.pl\/index.php\/2023\/07\/20\/zaproszenie-biesiade-okazji-jubileuszu-40-ogrodu\/\" \/>\n<meta property=\"og:locale\" content=\"pl_PL\" \/>\n<meta property=\"og:type\" content=\"article\" \/>\n<meta property=\"og:title\" content=\"Zaproszenie na biesiad\u0119 z okazji jubileuszu 40 lat Ogrodu - OGRODY DZIA\u0141KOWE S\u0141ONECZNA POLANA PAWLIKOWICE\" \/>\n<meta property=\"og:description\" content=\"Zaproszenie 40 lat min\u0119\u0142o jak jeden dzie\u0144, wi\u0119c przysz\u0142a pora,\u00a0by jubileusz \u015bwi\u0119towa\u0107 ten, toast szampanem wypijmy razem, a zaraz potem zacznijmy zabaw\u0119,\u00a0weso\u0142\u0105, szalon\u0105, prawie do rana,\u00a0bo taki jubileusz, to tak wypada. Sobota, dn. 5 sierpnia godz. 18.00, jak zwykle zielona trawa. Zarz\u0105d prosi o punktualne przybycie.\" \/>\n<meta property=\"og:url\" content=\"https:\/\/rodslonecznapolana.pl\/index.php\/2023\/07\/20\/zaproszenie-biesiade-okazji-jubileuszu-40-ogrodu\/\" \/>\n<meta property=\"og:site_name\" content=\"OGRODY DZIA\u0141KOWE S\u0141ONECZNA POLANA PAWLIKOWICE\" \/>\n<meta property=\"article:published_time\" content=\"2023-07-20T16:49:50+00:00\" \/>\n<meta property=\"article:modified_time\" content=\"2023-07-20T16:51:43+00:00\" \/>\n<meta property=\"og:image\" content=\"https:\/\/rodslonecznapolana.pl\/wp-content\/uploads\/2017\/08\/12-7.jpg\" \/>\n\t<meta property=\"og:image:width\" content=\"1152\" \/>\n\t<meta property=\"og:image:height\" content=\"768\" \/>\n\t<meta property=\"og:image:type\" content=\"image\/jpeg\" \/>\n<meta name=\"author\" content=\"slonecznapolanarod@gmail.com\" \/>\n<meta name=\"twitter:card\" content=\"summary_large_image\" \/>\n<meta name=\"twitter:label1\" content=\"Napisane przez\" \/>\n\t<meta name=\"twitter:data1\" content=\"slonecznapolanarod@gmail.com\" \/>\n<script type=\"application\/ld+json\" class=\"yoast-schema-graph\">{\"@context\":\"https:\/\/schema.org\",\"@graph\":[{\"@type\":\"WebPage\",\"@id\":\"https:\/\/rodslonecznapolana.pl\/index.php\/2023\/07\/20\/zaproszenie-biesiade-okazji-jubileuszu-40-ogrodu\/\",\"url\":\"https:\/\/rodslonecznapolana.pl\/index.php\/2023\/07\/20\/zaproszenie-biesiade-okazji-jubileuszu-40-ogrodu\/\",\"name\":\"Zaproszenie na biesiad\u0119 z okazji jubileuszu 40 lat Ogrodu - OGRODY DZIA\u0141KOWE S\u0141ONECZNA POLANA PAWLIKOWICE\",\"isPartOf\":{\"@id\":\"https:\/\/rodslonecznapolana.pl\/#website\"},\"primaryImageOfPage\":{\"@id\":\"https:\/\/rodslonecznapolana.pl\/index.php\/2023\/07\/20\/zaproszenie-biesiade-okazji-jubileuszu-40-ogrodu\/#primaryimage\"},\"image\":{\"@id\":\"https:\/\/rodslonecznapolana.pl\/index.php\/2023\/07\/20\/zaproszenie-biesiade-okazji-jubileuszu-40-ogrodu\/#primaryimage\"},\"thumbnailUrl\":\"https:\/\/rodslonecznapolana.pl\/wp-content\/uploads\/2017\/08\/12-7.jpg\",\"datePublished\":\"2023-07-20T16:49:50+00:00\",\"dateModified\":\"2023-07-20T16:51:43+00:00\",\"author\":{\"@id\":\"https:\/\/rodslonecznapolana.pl\/#\/schema\/person\/e1f11991694e9fa7757769079fa1c460\"},\"breadcrumb\":{\"@id\":\"https:\/\/rodslonecznapolana.pl\/index.php\/2023\/07\/20\/zaproszenie-biesiade-okazji-jubileuszu-40-ogrodu\/#breadcrumb\"},\"inLanguage\":\"pl-PL\",\"potentialAction\":[{\"@type\":\"ReadAction\",\"target\":[\"https:\/\/rodslonecznapolana.pl\/index.php\/2023\/07\/20\/zaproszenie-biesiade-okazji-jubileuszu-40-ogrodu\/\"]}]},{\"@type\":\"ImageObject\",\"inLanguage\":\"pl-PL\",\"@id\":\"https:\/\/rodslonecznapolana.pl\/index.php\/2023\/07\/20\/zaproszenie-biesiade-okazji-jubileuszu-40-ogrodu\/#primaryimage\",\"url\":\"https:\/\/rodslonecznapolana.pl\/wp-content\/uploads\/2017\/08\/12-7.jpg\",\"contentUrl\":\"https:\/\/rodslonecznapolana.pl\/wp-content\/uploads\/2017\/08\/12-7.jpg\",\"width\":1152,\"height\":768},{\"@type\":\"BreadcrumbList\",\"@id\":\"https:\/\/rodslonecznapolana.pl\/index.php\/2023\/07\/20\/zaproszenie-biesiade-okazji-jubileuszu-40-ogrodu\/#breadcrumb\",\"itemListElement\":[{\"@type\":\"ListItem\",\"position\":1,\"name\":\"Strona g\u0142\u00f3wna\",\"item\":\"https:\/\/rodslonecznapolana.pl\/\"},{\"@type\":\"ListItem\",\"position\":2,\"name\":\"Zaproszenie na biesiad\u0119 z okazji jubileuszu 40 lat Ogrodu\"}]},{\"@type\":\"WebSite\",\"@id\":\"https:\/\/rodslonecznapolana.pl\/#website\",\"url\":\"https:\/\/rodslonecznapolana.pl\/\",\"name\":\"OGRODY DZIA\u0141KOWE S\u0141ONECZNA POLANA PAWLIKOWICE\",\"description\":\"\",\"potentialAction\":[{\"@type\":\"SearchAction\",\"target\":{\"@type\":\"EntryPoint\",\"urlTemplate\":\"https:\/\/rodslonecznapolana.pl\/?s={search_term_string}\"},\"query-input\":\"required name=search_term_string\"}],\"inLanguage\":\"pl-PL\"},{\"@type\":\"Person\",\"@id\":\"https:\/\/rodslonecznapolana.pl\/#\/schema\/person\/e1f11991694e9fa7757769079fa1c460\",\"name\":\"slonecznapolanarod@gmail.com\",\"image\":{\"@type\":\"ImageObject\",\"inLanguage\":\"pl-PL\",\"@id\":\"https:\/\/rodslonecznapolana.pl\/#\/schema\/person\/image\/\",\"url\":\"https:\/\/secure.gravatar.com\/avatar\/4e1b7da00bbbef286abc5d10e669a6f0?s=96&d=mm&r=g\",\"contentUrl\":\"https:\/\/secure.gravatar.com\/avatar\/4e1b7da00bbbef286abc5d10e669a6f0?s=96&d=mm&r=g\",\"caption\":\"slonecznapolanarod@gmail.com\"},\"url\":\"https:\/\/rodslonecznapolana.pl\/index.php\/author\/slonecznapolanarodgmail-com\/\"}]}<\/script>\n<!-- \/ Yoast SEO plugin. -->","yoast_head_json":{"title":"Zaproszenie na biesiad\u0119 z okazji jubileuszu 40 lat Ogrodu - OGRODY DZIA\u0141KOWE S\u0141ONECZNA POLANA PAWLIKOWICE","robots":{"index":"index","follow":"follow","max-snippet":"max-snippet:-1","max-image-preview":"max-image-preview:large","max-video-preview":"max-video-preview:-1"},"canonical":"https:\/\/rodslonecznapolana.pl\/index.php\/2023\/07\/20\/zaproszenie-biesiade-okazji-jubileuszu-40-ogrodu\/","og_locale":"pl_PL","og_type":"article","og_title":"Zaproszenie na biesiad\u0119 z okazji jubileuszu 40 lat Ogrodu - OGRODY DZIA\u0141KOWE S\u0141ONECZNA POLANA PAWLIKOWICE","og_description":"Zaproszenie 40 lat min\u0119\u0142o jak jeden dzie\u0144, wi\u0119c przysz\u0142a pora,\u00a0by jubileusz \u015bwi\u0119towa\u0107 ten, toast szampanem wypijmy razem, a zaraz potem zacznijmy zabaw\u0119,\u00a0weso\u0142\u0105, szalon\u0105, prawie do rana,\u00a0bo taki jubileusz, to tak wypada. Sobota, dn. 5 sierpnia godz. 18.00, jak zwykle zielona trawa. Zarz\u0105d prosi o punktualne przybycie.","og_url":"https:\/\/rodslonecznapolana.pl\/index.php\/2023\/07\/20\/zaproszenie-biesiade-okazji-jubileuszu-40-ogrodu\/","og_site_name":"OGRODY DZIA\u0141KOWE S\u0141ONECZNA POLANA PAWLIKOWICE","article_published_time":"2023-07-20T16:49:50+00:00","article_modified_time":"2023-07-20T16:51:43+00:00","og_image":[{"width":1152,"height":768,"url":"https:\/\/rodslonecznapolana.pl\/wp-content\/uploads\/2017\/08\/12-7.jpg","type":"image\/jpeg"}],"author":"slonecznapolanarod@gmail.com","twitter_card":"summary_large_image","twitter_misc":{"Napisane przez":"slonecznapolanarod@gmail.com"},"schema":{"@context":"https:\/\/schema.org","@graph":[{"@type":"WebPage","@id":"https:\/\/rodslonecznapolana.pl\/index.php\/2023\/07\/20\/zaproszenie-biesiade-okazji-jubileuszu-40-ogrodu\/","url":"https:\/\/rodslonecznapolana.pl\/index.php\/2023\/07\/20\/zaproszenie-biesiade-okazji-jubileuszu-40-ogrodu\/","name":"Zaproszenie na biesiad\u0119 z okazji jubileuszu 40 lat Ogrodu - OGRODY DZIA\u0141KOWE S\u0141ONECZNA POLANA PAWLIKOWICE","isPartOf":{"@id":"https:\/\/rodslonecznapolana.pl\/#website"},"primaryImageOfPage":{"@id":"https:\/\/rodslonecznapolana.pl\/index.php\/2023\/07\/20\/zaproszenie-biesiade-okazji-jubileuszu-40-ogrodu\/#primaryimage"},"image":{"@id":"https:\/\/rodslonecznapolana.pl\/index.php\/2023\/07\/20\/zaproszenie-biesiade-okazji-jubileuszu-40-ogrodu\/#primaryimage"},"thumbnailUrl":"https:\/\/rodslonecznapolana.pl\/wp-content\/uploads\/2017\/08\/12-7.jpg","datePublished":"2023-07-20T16:49:50+00:00","dateModified":"2023-07-20T16:51:43+00:00","author":{"@id":"https:\/\/rodslonecznapolana.pl\/#\/schema\/person\/e1f11991694e9fa7757769079fa1c460"},"breadcrumb":{"@id":"https:\/\/rodslonecznapolana.pl\/index.php\/2023\/07\/20\/zaproszenie-biesiade-okazji-jubileuszu-40-ogrodu\/#breadcrumb"},"inLanguage":"pl-PL","potentialAction":[{"@type":"ReadAction","target":["https:\/\/rodslonecznapolana.pl\/index.php\/2023\/07\/20\/zaproszenie-biesiade-okazji-jubileuszu-40-ogrodu\/"]}]},{"@type":"ImageObject","inLanguage":"pl-PL","@id":"https:\/\/rodslonecznapolana.pl\/index.php\/2023\/07\/20\/zaproszenie-biesiade-okazji-jubileuszu-40-ogrodu\/#primaryimage","url":"https:\/\/rodslonecznapolana.pl\/wp-content\/uploads\/2017\/08\/12-7.jpg","contentUrl":"https:\/\/rodslonecznapolana.pl\/wp-content\/uploads\/2017\/08\/12-7.jpg","width":1152,"height":768},{"@type":"BreadcrumbList","@id":"https:\/\/rodslonecznapolana.pl\/index.php\/2023\/07\/20\/zaproszenie-biesiade-okazji-jubileuszu-40-ogrodu\/#breadcrumb","itemListElement":[{"@type":"ListItem","position":1,"name":"Strona g\u0142\u00f3wna","item":"https:\/\/rodslonecznapolana.pl\/"},{"@type":"ListItem","position":2,"name":"Zaproszenie na biesiad\u0119 z okazji jubileuszu 40 lat Ogrodu"}]},{"@type":"WebSite","@id":"https:\/\/rodslonecznapolana.pl\/#website","url":"https:\/\/rodslonecznapolana.pl\/","name":"OGRODY DZIA\u0141KOWE S\u0141ONECZNA POLANA PAWLIKOWICE","description":"","potentialAction":[{"@type":"SearchAction","target":{"@type":"EntryPoint","urlTemplate":"https:\/\/rodslonecznapolana.pl\/?s={search_term_string}"},"query-input":"required name=search_term_string"}],"inLanguage":"pl-PL"},{"@type":"Person","@id":"https:\/\/rodslonecznapolana.pl\/#\/schema\/person\/e1f11991694e9fa7757769079fa1c460","name":"slonecznapolanarod@gmail.com","image":{"@type":"ImageObject","inLanguage":"pl-PL","@id":"https:\/\/rodslonecznapolana.pl\/#\/schema\/person\/image\/","url":"https:\/\/secure.gravatar.com\/avatar\/4e1b7da00bbbef286abc5d10e669a6f0?s=96&d=mm&r=g","contentUrl":"https:\/\/secure.gravatar.com\/avatar\/4e1b7da00bbbef286abc5d10e669a6f0?s=96&d=mm&r=g","caption":"slonecznapolanarod@gmail.com"},"url":"https:\/\/rodslonecznapolana.pl\/index.php\/author\/slonecznapolanarodgmail-com\/"}]}},"_links":{"self":[{"href":"https:\/\/rodslonecznapolana.pl\/index.php\/wp-json\/wp\/v2\/posts\/1643"}],"collection":[{"href":"https:\/\/rodslonecznapolana.pl\/index.php\/wp-json\/wp\/v2\/posts"}],"about":[{"href":"https:\/\/rodslonecznapolana.pl\/index.php\/wp-json\/wp\/v2\/types\/post"}],"author":[{"embeddable":true,"href":"https:\/\/rodslonecznapolana.pl\/index.php\/wp-json\/wp\/v2\/users\/2"}],"replies":[{"embeddable":true,"href":"https:\/\/rodslonecznapolana.pl\/index.php\/wp-json\/wp\/v2\/comments?post=1643"}],"version-history":[{"count":3,"href":"https:\/\/rodslonecznapolana.pl\/index.php\/wp-json\/wp\/v2\/posts\/1643\/revisions"}],"predecessor-version":[{"id":1646,"href":"https:\/\/rodslonecznapolana.pl\/index.php\/wp-json\/wp\/v2\/posts\/1643\/revisions\/1646"}],"wp:featuredmedia":[{"embeddable":true,"href":"https:\/\/rodslonecznapolana.pl\/index.php\/wp-json\/wp\/v2\/media\/408"}],"wp:attachment":[{"href":"https:\/\/rodslonecznapolana.pl\/index.php\/wp-json\/wp\/v2\/media?parent=1643"}],"wp:term":[{"taxonomy":"category","embeddable":true,"href":"https:\/\/rodslonecznapolana.pl\/index.php\/wp-json\/wp\/v2\/categories?post=1643"},{"taxonomy":"post_tag","embeddable":true,"href":"https:\/\/rodslonecznapolana.pl\/index.php\/wp-json\/wp\/v2\/tags?post=1643"}],"curies":[{"name":"wp","href":"https:\/\/api.w.org\/{rel}","templated":true}]}}