{"id":1727,"date":"2023-09-10T14:44:36","date_gmt":"2023-09-10T12:44:36","guid":{"rendered":"http:\/\/rodslonecznapolana.pl\/?p=1727"},"modified":"2023-09-10T14:44:42","modified_gmt":"2023-09-10T12:44:42","slug":"inwestycje-ekologiczne-rod-nagroda-konkursie","status":"publish","type":"post","link":"https:\/\/rodslonecznapolana.pl\/index.php\/2023\/09\/10\/inwestycje-ekologiczne-rod-nagroda-konkursie\/","title":{"rendered":"INWESTYCJE EKOLOGICZNE W ROD. NAGRODA W KONKURSIE"},"content":{"rendered":"<p style=\"text-align: center;\"><span style=\"font-size: 18pt;\"><strong>Szanowni Dzia\u0142kowcy<\/strong><\/span><\/p>\n<p style=\"text-align: center;\"><span style=\"font-size: 18pt;\"><strong>Dnia 1 wrze\u015bnia\u00a0 2023 r. w Warszawie odby\u0142y si\u0119 Krajowe Dni Dzia\u0142kowca.<\/strong><\/span><\/p>\n<p style=\"text-align: center;\"><span style=\"font-size: 18pt;\"><strong>Wzi\u0119li w nich udzia\u0142 przedstawiciele naszego Ogrodu.<\/strong><\/span><\/p>\n<p style=\"text-align: center;\"><span style=\"font-size: 18pt;\"><strong>W zwi\u0105zku z realizacj\u0105\u00a0 w 2022 r. \u00a0zada\u0144 z dotacji udzielonej przez ARiMR Ogr\u00f3d nasz m\u00f3g\u0142 wzi\u0105\u0107 udzia\u0142 w konkursie organizowanym przez Krajowy Zarz\u0105d PZD pn: \u201eInwestycje ekologiczne w ROD\u201d.<\/strong><\/span><\/p>\n<p style=\"text-align: center;\"><span style=\"font-size: 18pt;\"><strong>W konkursie tym zaj\u0119li\u015bmy 3 miejsce i otrzymali\u015bmy nagrod\u0119 w kwocie 3000 z\u0142.<\/strong><\/span><\/p>\n<p style=\"text-align: center;\"><span style=\"font-size: 18pt; color: #800000;\"><strong><a style=\"color: #800000;\" href=\"http:\/\/rodslonecznapolana.pl\/wp-content\/uploads\/2023\/09\/NAGRODA.pdf\">NAGRODA<\/a><\/strong><\/span><\/p>\n<p style=\"text-align: center;\"><span style=\"font-size: 18pt; color: #008000;\"><strong><a style=\"color: #008000;\" href=\"http:\/\/rodslonecznapolana.pl\/wp-content\/uploads\/2023\/09\/DYPLOM-ZA-ZAJ\u0118CIE-III-MIEJSCA.pdf\">DYPLOM ZA ZAJ\u0118CIE III MIEJSCA<\/a><\/strong><\/span><\/p>\n<p>&nbsp;<\/p>\n<p>&nbsp;<\/p>\n","protected":false},"excerpt":{"rendered":"<p>Szanowni Dzia\u0142kowcy Dnia 1 wrze\u015bnia\u00a0 2023 r. w Warszawie odby\u0142y si\u0119 Krajowe Dni Dzia\u0142kowca. Wzi\u0119li w nich udzia\u0142 przedstawiciele naszego Ogrodu. W zwi\u0105zku z realizacj\u0105\u00a0 w 2022 r. \u00a0zada\u0144 z dotacji udzielonej przez ARiMR Ogr\u00f3d nasz m\u00f3g\u0142 wzi\u0105\u0107 udzia\u0142 w konkursie organizowanym przez Krajowy Zarz\u0105d PZD pn: \u201eInwestycje ekologiczne w ROD\u201d. W konkursie tym zaj\u0119li\u015bmy [&hellip;]<\/p>\n","protected":false},"author":2,"featured_media":1733,"comment_status":"closed","ping_status":"open","sticky":false,"template":"","format":"standard","meta":{"footnotes":""},"categories":[1],"tags":[],"yoast_head":"<!-- This site is optimized with the Yoast SEO plugin v22.6 - https:\/\/yoast.com\/wordpress\/plugins\/seo\/ -->\n<title>INWESTYCJE EKOLOGICZNE W ROD. NAGRODA W KONKURSIE - OGRODY DZIA\u0141KOWE S\u0141ONECZNA POLANA PAWLIKOWICE<\/title>\n<meta name=\"robots\" content=\"index, follow, max-snippet:-1, max-image-preview:large, max-video-preview:-1\" \/>\n<link rel=\"canonical\" href=\"https:\/\/rodslonecznapolana.pl\/index.php\/2023\/09\/10\/inwestycje-ekologiczne-rod-nagroda-konkursie\/\" \/>\n<meta property=\"og:locale\" content=\"pl_PL\" \/>\n<meta property=\"og:type\" content=\"article\" \/>\n<meta property=\"og:title\" content=\"INWESTYCJE EKOLOGICZNE W ROD. NAGRODA W KONKURSIE - OGRODY DZIA\u0141KOWE S\u0141ONECZNA POLANA PAWLIKOWICE\" \/>\n<meta property=\"og:description\" content=\"Szanowni Dzia\u0142kowcy Dnia 1 wrze\u015bnia\u00a0 2023 r. w Warszawie odby\u0142y si\u0119 Krajowe Dni Dzia\u0142kowca. Wzi\u0119li w nich udzia\u0142 przedstawiciele naszego Ogrodu. W zwi\u0105zku z realizacj\u0105\u00a0 w 2022 r. \u00a0zada\u0144 z dotacji udzielonej przez ARiMR Ogr\u00f3d nasz m\u00f3g\u0142 wzi\u0105\u0107 udzia\u0142 w konkursie organizowanym przez Krajowy Zarz\u0105d PZD pn: \u201eInwestycje ekologiczne w ROD\u201d. W konkursie tym zaj\u0119li\u015bmy [&hellip;]\" \/>\n<meta property=\"og:url\" content=\"https:\/\/rodslonecznapolana.pl\/index.php\/2023\/09\/10\/inwestycje-ekologiczne-rod-nagroda-konkursie\/\" \/>\n<meta property=\"og:site_name\" content=\"OGRODY DZIA\u0141KOWE S\u0141ONECZNA POLANA PAWLIKOWICE\" \/>\n<meta property=\"article:published_time\" content=\"2023-09-10T12:44:36+00:00\" \/>\n<meta property=\"article:modified_time\" content=\"2023-09-10T12:44:42+00:00\" \/>\n<meta property=\"og:image\" content=\"https:\/\/rodslonecznapolana.pl\/wp-content\/uploads\/2023\/09\/OIP.jpg\" \/>\n\t<meta property=\"og:image:width\" content=\"474\" \/>\n\t<meta property=\"og:image:height\" content=\"316\" \/>\n\t<meta property=\"og:image:type\" content=\"image\/jpeg\" \/>\n<meta name=\"author\" content=\"slonecznapolanarod@gmail.com\" \/>\n<meta name=\"twitter:card\" content=\"summary_large_image\" \/>\n<meta name=\"twitter:label1\" content=\"Napisane przez\" \/>\n\t<meta name=\"twitter:data1\" content=\"slonecznapolanarod@gmail.com\" \/>\n<script type=\"application\/ld+json\" class=\"yoast-schema-graph\">{\"@context\":\"https:\/\/schema.org\",\"@graph\":[{\"@type\":\"WebPage\",\"@id\":\"https:\/\/rodslonecznapolana.pl\/index.php\/2023\/09\/10\/inwestycje-ekologiczne-rod-nagroda-konkursie\/\",\"url\":\"https:\/\/rodslonecznapolana.pl\/index.php\/2023\/09\/10\/inwestycje-ekologiczne-rod-nagroda-konkursie\/\",\"name\":\"INWESTYCJE EKOLOGICZNE W ROD. NAGRODA W KONKURSIE - OGRODY DZIA\u0141KOWE S\u0141ONECZNA POLANA PAWLIKOWICE\",\"isPartOf\":{\"@id\":\"https:\/\/rodslonecznapolana.pl\/#website\"},\"primaryImageOfPage\":{\"@id\":\"https:\/\/rodslonecznapolana.pl\/index.php\/2023\/09\/10\/inwestycje-ekologiczne-rod-nagroda-konkursie\/#primaryimage\"},\"image\":{\"@id\":\"https:\/\/rodslonecznapolana.pl\/index.php\/2023\/09\/10\/inwestycje-ekologiczne-rod-nagroda-konkursie\/#primaryimage\"},\"thumbnailUrl\":\"https:\/\/rodslonecznapolana.pl\/wp-content\/uploads\/2023\/09\/OIP.jpg\",\"datePublished\":\"2023-09-10T12:44:36+00:00\",\"dateModified\":\"2023-09-10T12:44:42+00:00\",\"author\":{\"@id\":\"https:\/\/rodslonecznapolana.pl\/#\/schema\/person\/e1f11991694e9fa7757769079fa1c460\"},\"breadcrumb\":{\"@id\":\"https:\/\/rodslonecznapolana.pl\/index.php\/2023\/09\/10\/inwestycje-ekologiczne-rod-nagroda-konkursie\/#breadcrumb\"},\"inLanguage\":\"pl-PL\",\"potentialAction\":[{\"@type\":\"ReadAction\",\"target\":[\"https:\/\/rodslonecznapolana.pl\/index.php\/2023\/09\/10\/inwestycje-ekologiczne-rod-nagroda-konkursie\/\"]}]},{\"@type\":\"ImageObject\",\"inLanguage\":\"pl-PL\",\"@id\":\"https:\/\/rodslonecznapolana.pl\/index.php\/2023\/09\/10\/inwestycje-ekologiczne-rod-nagroda-konkursie\/#primaryimage\",\"url\":\"https:\/\/rodslonecznapolana.pl\/wp-content\/uploads\/2023\/09\/OIP.jpg\",\"contentUrl\":\"https:\/\/rodslonecznapolana.pl\/wp-content\/uploads\/2023\/09\/OIP.jpg\",\"width\":474,\"height\":316},{\"@type\":\"BreadcrumbList\",\"@id\":\"https:\/\/rodslonecznapolana.pl\/index.php\/2023\/09\/10\/inwestycje-ekologiczne-rod-nagroda-konkursie\/#breadcrumb\",\"itemListElement\":[{\"@type\":\"ListItem\",\"position\":1,\"name\":\"Strona g\u0142\u00f3wna\",\"item\":\"https:\/\/rodslonecznapolana.pl\/\"},{\"@type\":\"ListItem\",\"position\":2,\"name\":\"INWESTYCJE EKOLOGICZNE W ROD. NAGRODA W KONKURSIE\"}]},{\"@type\":\"WebSite\",\"@id\":\"https:\/\/rodslonecznapolana.pl\/#website\",\"url\":\"https:\/\/rodslonecznapolana.pl\/\",\"name\":\"OGRODY DZIA\u0141KOWE S\u0141ONECZNA POLANA PAWLIKOWICE\",\"description\":\"\",\"potentialAction\":[{\"@type\":\"SearchAction\",\"target\":{\"@type\":\"EntryPoint\",\"urlTemplate\":\"https:\/\/rodslonecznapolana.pl\/?s={search_term_string}\"},\"query-input\":\"required name=search_term_string\"}],\"inLanguage\":\"pl-PL\"},{\"@type\":\"Person\",\"@id\":\"https:\/\/rodslonecznapolana.pl\/#\/schema\/person\/e1f11991694e9fa7757769079fa1c460\",\"name\":\"slonecznapolanarod@gmail.com\",\"image\":{\"@type\":\"ImageObject\",\"inLanguage\":\"pl-PL\",\"@id\":\"https:\/\/rodslonecznapolana.pl\/#\/schema\/person\/image\/\",\"url\":\"https:\/\/secure.gravatar.com\/avatar\/4e1b7da00bbbef286abc5d10e669a6f0?s=96&d=mm&r=g\",\"contentUrl\":\"https:\/\/secure.gravatar.com\/avatar\/4e1b7da00bbbef286abc5d10e669a6f0?s=96&d=mm&r=g\",\"caption\":\"slonecznapolanarod@gmail.com\"},\"url\":\"https:\/\/rodslonecznapolana.pl\/index.php\/author\/slonecznapolanarodgmail-com\/\"}]}<\/script>\n<!-- \/ Yoast SEO plugin. -->","yoast_head_json":{"title":"INWESTYCJE EKOLOGICZNE W ROD. NAGRODA W KONKURSIE - OGRODY DZIA\u0141KOWE S\u0141ONECZNA POLANA PAWLIKOWICE","robots":{"index":"index","follow":"follow","max-snippet":"max-snippet:-1","max-image-preview":"max-image-preview:large","max-video-preview":"max-video-preview:-1"},"canonical":"https:\/\/rodslonecznapolana.pl\/index.php\/2023\/09\/10\/inwestycje-ekologiczne-rod-nagroda-konkursie\/","og_locale":"pl_PL","og_type":"article","og_title":"INWESTYCJE EKOLOGICZNE W ROD. NAGRODA W KONKURSIE - OGRODY DZIA\u0141KOWE S\u0141ONECZNA POLANA PAWLIKOWICE","og_description":"Szanowni Dzia\u0142kowcy Dnia 1 wrze\u015bnia\u00a0 2023 r. w Warszawie odby\u0142y si\u0119 Krajowe Dni Dzia\u0142kowca. Wzi\u0119li w nich udzia\u0142 przedstawiciele naszego Ogrodu. W zwi\u0105zku z realizacj\u0105\u00a0 w 2022 r. \u00a0zada\u0144 z dotacji udzielonej przez ARiMR Ogr\u00f3d nasz m\u00f3g\u0142 wzi\u0105\u0107 udzia\u0142 w konkursie organizowanym przez Krajowy Zarz\u0105d PZD pn: \u201eInwestycje ekologiczne w ROD\u201d. W konkursie tym zaj\u0119li\u015bmy [&hellip;]","og_url":"https:\/\/rodslonecznapolana.pl\/index.php\/2023\/09\/10\/inwestycje-ekologiczne-rod-nagroda-konkursie\/","og_site_name":"OGRODY DZIA\u0141KOWE S\u0141ONECZNA POLANA PAWLIKOWICE","article_published_time":"2023-09-10T12:44:36+00:00","article_modified_time":"2023-09-10T12:44:42+00:00","og_image":[{"width":474,"height":316,"url":"https:\/\/rodslonecznapolana.pl\/wp-content\/uploads\/2023\/09\/OIP.jpg","type":"image\/jpeg"}],"author":"slonecznapolanarod@gmail.com","twitter_card":"summary_large_image","twitter_misc":{"Napisane przez":"slonecznapolanarod@gmail.com"},"schema":{"@context":"https:\/\/schema.org","@graph":[{"@type":"WebPage","@id":"https:\/\/rodslonecznapolana.pl\/index.php\/2023\/09\/10\/inwestycje-ekologiczne-rod-nagroda-konkursie\/","url":"https:\/\/rodslonecznapolana.pl\/index.php\/2023\/09\/10\/inwestycje-ekologiczne-rod-nagroda-konkursie\/","name":"INWESTYCJE EKOLOGICZNE W ROD. NAGRODA W KONKURSIE - OGRODY DZIA\u0141KOWE S\u0141ONECZNA POLANA PAWLIKOWICE","isPartOf":{"@id":"https:\/\/rodslonecznapolana.pl\/#website"},"primaryImageOfPage":{"@id":"https:\/\/rodslonecznapolana.pl\/index.php\/2023\/09\/10\/inwestycje-ekologiczne-rod-nagroda-konkursie\/#primaryimage"},"image":{"@id":"https:\/\/rodslonecznapolana.pl\/index.php\/2023\/09\/10\/inwestycje-ekologiczne-rod-nagroda-konkursie\/#primaryimage"},"thumbnailUrl":"https:\/\/rodslonecznapolana.pl\/wp-content\/uploads\/2023\/09\/OIP.jpg","datePublished":"2023-09-10T12:44:36+00:00","dateModified":"2023-09-10T12:44:42+00:00","author":{"@id":"https:\/\/rodslonecznapolana.pl\/#\/schema\/person\/e1f11991694e9fa7757769079fa1c460"},"breadcrumb":{"@id":"https:\/\/rodslonecznapolana.pl\/index.php\/2023\/09\/10\/inwestycje-ekologiczne-rod-nagroda-konkursie\/#breadcrumb"},"inLanguage":"pl-PL","potentialAction":[{"@type":"ReadAction","target":["https:\/\/rodslonecznapolana.pl\/index.php\/2023\/09\/10\/inwestycje-ekologiczne-rod-nagroda-konkursie\/"]}]},{"@type":"ImageObject","inLanguage":"pl-PL","@id":"https:\/\/rodslonecznapolana.pl\/index.php\/2023\/09\/10\/inwestycje-ekologiczne-rod-nagroda-konkursie\/#primaryimage","url":"https:\/\/rodslonecznapolana.pl\/wp-content\/uploads\/2023\/09\/OIP.jpg","contentUrl":"https:\/\/rodslonecznapolana.pl\/wp-content\/uploads\/2023\/09\/OIP.jpg","width":474,"height":316},{"@type":"BreadcrumbList","@id":"https:\/\/rodslonecznapolana.pl\/index.php\/2023\/09\/10\/inwestycje-ekologiczne-rod-nagroda-konkursie\/#breadcrumb","itemListElement":[{"@type":"ListItem","position":1,"name":"Strona g\u0142\u00f3wna","item":"https:\/\/rodslonecznapolana.pl\/"},{"@type":"ListItem","position":2,"name":"INWESTYCJE EKOLOGICZNE W ROD. NAGRODA W KONKURSIE"}]},{"@type":"WebSite","@id":"https:\/\/rodslonecznapolana.pl\/#website","url":"https:\/\/rodslonecznapolana.pl\/","name":"OGRODY DZIA\u0141KOWE S\u0141ONECZNA POLANA PAWLIKOWICE","description":"","potentialAction":[{"@type":"SearchAction","target":{"@type":"EntryPoint","urlTemplate":"https:\/\/rodslonecznapolana.pl\/?s={search_term_string}"},"query-input":"required name=search_term_string"}],"inLanguage":"pl-PL"},{"@type":"Person","@id":"https:\/\/rodslonecznapolana.pl\/#\/schema\/person\/e1f11991694e9fa7757769079fa1c460","name":"slonecznapolanarod@gmail.com","image":{"@type":"ImageObject","inLanguage":"pl-PL","@id":"https:\/\/rodslonecznapolana.pl\/#\/schema\/person\/image\/","url":"https:\/\/secure.gravatar.com\/avatar\/4e1b7da00bbbef286abc5d10e669a6f0?s=96&d=mm&r=g","contentUrl":"https:\/\/secure.gravatar.com\/avatar\/4e1b7da00bbbef286abc5d10e669a6f0?s=96&d=mm&r=g","caption":"slonecznapolanarod@gmail.com"},"url":"https:\/\/rodslonecznapolana.pl\/index.php\/author\/slonecznapolanarodgmail-com\/"}]}},"_links":{"self":[{"href":"https:\/\/rodslonecznapolana.pl\/index.php\/wp-json\/wp\/v2\/posts\/1727"}],"collection":[{"href":"https:\/\/rodslonecznapolana.pl\/index.php\/wp-json\/wp\/v2\/posts"}],"about":[{"href":"https:\/\/rodslonecznapolana.pl\/index.php\/wp-json\/wp\/v2\/types\/post"}],"author":[{"embeddable":true,"href":"https:\/\/rodslonecznapolana.pl\/index.php\/wp-json\/wp\/v2\/users\/2"}],"replies":[{"embeddable":true,"href":"https:\/\/rodslonecznapolana.pl\/index.php\/wp-json\/wp\/v2\/comments?post=1727"}],"version-history":[{"count":2,"href":"https:\/\/rodslonecznapolana.pl\/index.php\/wp-json\/wp\/v2\/posts\/1727\/revisions"}],"predecessor-version":[{"id":1734,"href":"https:\/\/rodslonecznapolana.pl\/index.php\/wp-json\/wp\/v2\/posts\/1727\/revisions\/1734"}],"wp:featuredmedia":[{"embeddable":true,"href":"https:\/\/rodslonecznapolana.pl\/index.php\/wp-json\/wp\/v2\/media\/1733"}],"wp:attachment":[{"href":"https:\/\/rodslonecznapolana.pl\/index.php\/wp-json\/wp\/v2\/media?parent=1727"}],"wp:term":[{"taxonomy":"category","embeddable":true,"href":"https:\/\/rodslonecznapolana.pl\/index.php\/wp-json\/wp\/v2\/categories?post=1727"},{"taxonomy":"post_tag","embeddable":true,"href":"https:\/\/rodslonecznapolana.pl\/index.php\/wp-json\/wp\/v2\/tags?post=1727"}],"curies":[{"name":"wp","href":"https:\/\/api.w.org\/{rel}","templated":true}]}}