{"id":1755,"date":"2024-02-12T12:42:21","date_gmt":"2024-02-12T11:42:21","guid":{"rendered":"http:\/\/rodslonecznapolana.pl\/?p=1755"},"modified":"2024-02-12T13:43:50","modified_gmt":"2024-02-12T12:43:50","slug":"walne-zebranie-sprawozdawczo-wyborcze-rod-sloneczna-polana-6-kwietnia-2024r","status":"publish","type":"post","link":"https:\/\/rodslonecznapolana.pl\/index.php\/2024\/02\/12\/walne-zebranie-sprawozdawczo-wyborcze-rod-sloneczna-polana-6-kwietnia-2024r\/","title":{"rendered":"WALNE ZEBRANIE SPRAWOZDAWCZO-WYBORCZE ROD S\u0141ONECZNA POLANA"},"content":{"rendered":"<p style=\"text-align: center;\"><span style=\"font-size: 18pt; color: #000080;\"><strong>Z A P R O S Z E N I E<\/strong><\/span><\/p>\n<p><span style=\"font-size: 14pt; color: #000080;\"><strong>Zarz\u0105d ROD \u201eS\u0142oneczna Polana\u201d w Pawlikowicach zaprasza na Walne Zebranie Sprawozdawczo-Wyborcze, kt\u00f3re odb\u0119dzie si\u0119 dn. 06 kwietnia 2024 r. (sobota) w budynku Gminnego Domu Kultury w Bychlewie, Bychlew 107 b.<\/strong><\/span><\/p>\n<p><span style=\"font-size: 14pt; color: #000080;\"><strong>POCZ\u0104TEK OBRAD: w I terminie &#8211; godz. 10:30 przy obecno\u015bci min. 50% cz\u0142onk\u00f3w<\/strong><\/span><br \/>\n<span style=\"font-size: 14pt; color: #000080;\"><strong>w II terminie &#8211; godz. 11:00 niezale\u017cnie od liczby obecnych cz\u0142onk\u00f3w PZD \u2013 zgodnie z \u00a7 61 ust. 2 Statutu PZD uchwa\u0142y podj\u0119te<br \/>\nw drugim terminie s\u0105 wa\u017cne i obowi\u0105zuj\u0105 bez wzgl\u0119du na liczb\u0119 obecnych na zebraniu.<\/strong><\/span><\/p>\n<p><span style=\"font-size: 14pt; color: #000080;\"><strong>Materia\u0142y sprawozdawcze dost\u0119pne b\u0119d\u0105 do wgl\u0105du w dniu 22 marca 2024 r. (pi\u0105tek) w godz.15:00 \u2013 17: 00 oraz w dniu<br \/>\n23 marca (sobota) w godz. 9:00 \u2013 11:00 w Gminnym Domu Kultury w Bychlewie.<\/strong><\/span><br \/>\n<span style=\"font-size: 14pt; color: #000080;\"><strong>PRAWO UDZIA\u0141U W WALNYM ZEBRANIU MA WY\u0141\u0104CZNIE CZ\u0141ONEK PZD I WYKLUCZONE JEST ZAST\u0118PSTWO LUB DZIA\u0141ANIE PRZEZ PE\u0141NOMOCNIK\u00d3W.<\/strong><\/span><br \/>\n<span style=\"font-size: 14pt; color: #000080;\"><strong>Ka\u017cdy cz\u0142onek PZD zaproszony na zebranie zobowi\u0105zany jest posiada\u0107 dokument to\u017csamo\u015bci, o okazanie kt\u00f3rego mo\u017ce by\u0107 poproszony przy sprawdzaniu listy obecno\u015bci.<\/strong><\/span><\/p>\n<p style=\"text-align: center;\"><span style=\"font-size: 14pt; color: #000080;\"><strong>Wiceprezes Zarz\u0105du &#8211; Zdzis\u0142aw Wo\u017aniak\u00a0 \u00a0 \u00a0 \u00a0 \u00a0 \u00a0 \u00a0 \u00a0 \u00a0 \u00a0 \u00a0 \u00a0 \u00a0 \u00a0 Prezes ROD \u2013 Andrzej Jankowski<\/strong><\/span><\/p>\n<p>&nbsp;<\/p>\n<p style=\"text-align: center;\"><span style=\"font-size: 10pt;\"><strong>DOKUMENTY DO POBRANIA<\/strong><\/span><\/p>\n<p style=\"text-align: center;\"><strong><span style=\"color: #993300;\"><a style=\"color: #993300;\" href=\"http:\/\/rodslonecznapolana.pl\/wp-content\/uploads\/2024\/02\/Proponowany-porz\u0105dek-obrad-walnego-zebrania-sprawozdawczo-wyborczego-2024-rok.pdf\">Proponowany porz\u0105dek obrad walnego zebrania sprawozdawczo-wyborczego 2024 rok<\/a><\/span><\/strong><\/p>\n<p style=\"text-align: center;\"><span style=\"color: #008000;\"><strong><a style=\"color: #008000;\" href=\"http:\/\/rodslonecznapolana.pl\/wp-content\/uploads\/2024\/02\/Proponowany-regulamin-walnego-zebrania-sprawozdawczo-wyborczego-2024-rok.pdf\">Proponowany regulamin walnego zebrania sprawozdawczo-wyborczego 2024<\/a><a style=\"color: #008000;\" href=\"http:\/\/rodslonecznapolana.pl\/wp-content\/uploads\/2024\/02\/Proponowany-regulamin-walnego-zebrania-sprawozdawczo-wyborczego-2024-rok.pdf\"> rok<\/a><\/strong><\/span><\/p>\n<p>&nbsp;<\/p>\n","protected":false},"excerpt":{"rendered":"<p>Z A P R O S Z E N I E Zarz\u0105d ROD \u201eS\u0142oneczna Polana\u201d w Pawlikowicach zaprasza na Walne Zebranie Sprawozdawczo-Wyborcze, kt\u00f3re odb\u0119dzie si\u0119 dn. 06 kwietnia 2024 r. (sobota) w budynku Gminnego Domu Kultury w Bychlewie, Bychlew 107 b. POCZ\u0104TEK OBRAD: w I terminie &#8211; godz. 10:30 przy obecno\u015bci min. 50% cz\u0142onk\u00f3w w [&hellip;]<\/p>\n","protected":false},"author":2,"featured_media":1762,"comment_status":"closed","ping_status":"open","sticky":false,"template":"","format":"standard","meta":{"footnotes":""},"categories":[1],"tags":[],"yoast_head":"<!-- This site is optimized with the Yoast SEO plugin v22.6 - https:\/\/yoast.com\/wordpress\/plugins\/seo\/ -->\n<title>WALNE ZEBRANIE SPRAWOZDAWCZO-WYBORCZE ROD S\u0141ONECZNA POLANA - OGRODY DZIA\u0141KOWE S\u0141ONECZNA POLANA PAWLIKOWICE<\/title>\n<meta name=\"robots\" content=\"index, follow, max-snippet:-1, max-image-preview:large, max-video-preview:-1\" \/>\n<link rel=\"canonical\" href=\"https:\/\/rodslonecznapolana.pl\/index.php\/2024\/02\/12\/walne-zebranie-sprawozdawczo-wyborcze-rod-sloneczna-polana-6-kwietnia-2024r\/\" \/>\n<meta property=\"og:locale\" content=\"pl_PL\" \/>\n<meta property=\"og:type\" content=\"article\" \/>\n<meta property=\"og:title\" content=\"WALNE ZEBRANIE SPRAWOZDAWCZO-WYBORCZE ROD S\u0141ONECZNA POLANA - OGRODY DZIA\u0141KOWE S\u0141ONECZNA POLANA PAWLIKOWICE\" \/>\n<meta property=\"og:description\" content=\"Z A P R O S Z E N I E Zarz\u0105d ROD \u201eS\u0142oneczna Polana\u201d w Pawlikowicach zaprasza na Walne Zebranie Sprawozdawczo-Wyborcze, kt\u00f3re odb\u0119dzie si\u0119 dn. 06 kwietnia 2024 r. (sobota) w budynku Gminnego Domu Kultury w Bychlewie, Bychlew 107 b. POCZ\u0104TEK OBRAD: w I terminie &#8211; godz. 10:30 przy obecno\u015bci min. 50% cz\u0142onk\u00f3w w [&hellip;]\" \/>\n<meta property=\"og:url\" content=\"https:\/\/rodslonecznapolana.pl\/index.php\/2024\/02\/12\/walne-zebranie-sprawozdawczo-wyborcze-rod-sloneczna-polana-6-kwietnia-2024r\/\" \/>\n<meta property=\"og:site_name\" content=\"OGRODY DZIA\u0141KOWE S\u0141ONECZNA POLANA PAWLIKOWICE\" \/>\n<meta property=\"article:published_time\" content=\"2024-02-12T11:42:21+00:00\" \/>\n<meta property=\"article:modified_time\" content=\"2024-02-12T12:43:50+00:00\" \/>\n<meta property=\"og:image\" content=\"https:\/\/rodslonecznapolana.pl\/wp-content\/uploads\/2024\/02\/meeting-680x330.jpg\" \/>\n\t<meta property=\"og:image:width\" content=\"680\" \/>\n\t<meta property=\"og:image:height\" content=\"330\" \/>\n\t<meta property=\"og:image:type\" content=\"image\/jpeg\" \/>\n<meta name=\"author\" content=\"slonecznapolanarod@gmail.com\" \/>\n<meta name=\"twitter:card\" content=\"summary_large_image\" \/>\n<meta name=\"twitter:label1\" content=\"Napisane przez\" \/>\n\t<meta name=\"twitter:data1\" content=\"slonecznapolanarod@gmail.com\" \/>\n\t<meta name=\"twitter:label2\" content=\"Szacowany czas czytania\" \/>\n\t<meta name=\"twitter:data2\" content=\"1 minuta\" \/>\n<script type=\"application\/ld+json\" class=\"yoast-schema-graph\">{\"@context\":\"https:\/\/schema.org\",\"@graph\":[{\"@type\":\"WebPage\",\"@id\":\"https:\/\/rodslonecznapolana.pl\/index.php\/2024\/02\/12\/walne-zebranie-sprawozdawczo-wyborcze-rod-sloneczna-polana-6-kwietnia-2024r\/\",\"url\":\"https:\/\/rodslonecznapolana.pl\/index.php\/2024\/02\/12\/walne-zebranie-sprawozdawczo-wyborcze-rod-sloneczna-polana-6-kwietnia-2024r\/\",\"name\":\"WALNE ZEBRANIE SPRAWOZDAWCZO-WYBORCZE ROD S\u0141ONECZNA POLANA - OGRODY DZIA\u0141KOWE S\u0141ONECZNA POLANA PAWLIKOWICE\",\"isPartOf\":{\"@id\":\"https:\/\/rodslonecznapolana.pl\/#website\"},\"primaryImageOfPage\":{\"@id\":\"https:\/\/rodslonecznapolana.pl\/index.php\/2024\/02\/12\/walne-zebranie-sprawozdawczo-wyborcze-rod-sloneczna-polana-6-kwietnia-2024r\/#primaryimage\"},\"image\":{\"@id\":\"https:\/\/rodslonecznapolana.pl\/index.php\/2024\/02\/12\/walne-zebranie-sprawozdawczo-wyborcze-rod-sloneczna-polana-6-kwietnia-2024r\/#primaryimage\"},\"thumbnailUrl\":\"https:\/\/rodslonecznapolana.pl\/wp-content\/uploads\/2024\/02\/meeting-680x330.jpg\",\"datePublished\":\"2024-02-12T11:42:21+00:00\",\"dateModified\":\"2024-02-12T12:43:50+00:00\",\"author\":{\"@id\":\"https:\/\/rodslonecznapolana.pl\/#\/schema\/person\/e1f11991694e9fa7757769079fa1c460\"},\"breadcrumb\":{\"@id\":\"https:\/\/rodslonecznapolana.pl\/index.php\/2024\/02\/12\/walne-zebranie-sprawozdawczo-wyborcze-rod-sloneczna-polana-6-kwietnia-2024r\/#breadcrumb\"},\"inLanguage\":\"pl-PL\",\"potentialAction\":[{\"@type\":\"ReadAction\",\"target\":[\"https:\/\/rodslonecznapolana.pl\/index.php\/2024\/02\/12\/walne-zebranie-sprawozdawczo-wyborcze-rod-sloneczna-polana-6-kwietnia-2024r\/\"]}]},{\"@type\":\"ImageObject\",\"inLanguage\":\"pl-PL\",\"@id\":\"https:\/\/rodslonecznapolana.pl\/index.php\/2024\/02\/12\/walne-zebranie-sprawozdawczo-wyborcze-rod-sloneczna-polana-6-kwietnia-2024r\/#primaryimage\",\"url\":\"https:\/\/rodslonecznapolana.pl\/wp-content\/uploads\/2024\/02\/meeting-680x330.jpg\",\"contentUrl\":\"https:\/\/rodslonecznapolana.pl\/wp-content\/uploads\/2024\/02\/meeting-680x330.jpg\",\"width\":680,\"height\":330},{\"@type\":\"BreadcrumbList\",\"@id\":\"https:\/\/rodslonecznapolana.pl\/index.php\/2024\/02\/12\/walne-zebranie-sprawozdawczo-wyborcze-rod-sloneczna-polana-6-kwietnia-2024r\/#breadcrumb\",\"itemListElement\":[{\"@type\":\"ListItem\",\"position\":1,\"name\":\"Strona g\u0142\u00f3wna\",\"item\":\"https:\/\/rodslonecznapolana.pl\/\"},{\"@type\":\"ListItem\",\"position\":2,\"name\":\"WALNE ZEBRANIE SPRAWOZDAWCZO-WYBORCZE ROD S\u0141ONECZNA POLANA\"}]},{\"@type\":\"WebSite\",\"@id\":\"https:\/\/rodslonecznapolana.pl\/#website\",\"url\":\"https:\/\/rodslonecznapolana.pl\/\",\"name\":\"OGRODY DZIA\u0141KOWE S\u0141ONECZNA POLANA PAWLIKOWICE\",\"description\":\"\",\"potentialAction\":[{\"@type\":\"SearchAction\",\"target\":{\"@type\":\"EntryPoint\",\"urlTemplate\":\"https:\/\/rodslonecznapolana.pl\/?s={search_term_string}\"},\"query-input\":\"required name=search_term_string\"}],\"inLanguage\":\"pl-PL\"},{\"@type\":\"Person\",\"@id\":\"https:\/\/rodslonecznapolana.pl\/#\/schema\/person\/e1f11991694e9fa7757769079fa1c460\",\"name\":\"slonecznapolanarod@gmail.com\",\"image\":{\"@type\":\"ImageObject\",\"inLanguage\":\"pl-PL\",\"@id\":\"https:\/\/rodslonecznapolana.pl\/#\/schema\/person\/image\/\",\"url\":\"https:\/\/secure.gravatar.com\/avatar\/4e1b7da00bbbef286abc5d10e669a6f0?s=96&d=mm&r=g\",\"contentUrl\":\"https:\/\/secure.gravatar.com\/avatar\/4e1b7da00bbbef286abc5d10e669a6f0?s=96&d=mm&r=g\",\"caption\":\"slonecznapolanarod@gmail.com\"},\"url\":\"https:\/\/rodslonecznapolana.pl\/index.php\/author\/slonecznapolanarodgmail-com\/\"}]}<\/script>\n<!-- \/ Yoast SEO plugin. -->","yoast_head_json":{"title":"WALNE ZEBRANIE SPRAWOZDAWCZO-WYBORCZE ROD S\u0141ONECZNA POLANA - OGRODY DZIA\u0141KOWE S\u0141ONECZNA POLANA PAWLIKOWICE","robots":{"index":"index","follow":"follow","max-snippet":"max-snippet:-1","max-image-preview":"max-image-preview:large","max-video-preview":"max-video-preview:-1"},"canonical":"https:\/\/rodslonecznapolana.pl\/index.php\/2024\/02\/12\/walne-zebranie-sprawozdawczo-wyborcze-rod-sloneczna-polana-6-kwietnia-2024r\/","og_locale":"pl_PL","og_type":"article","og_title":"WALNE ZEBRANIE SPRAWOZDAWCZO-WYBORCZE ROD S\u0141ONECZNA POLANA - OGRODY DZIA\u0141KOWE S\u0141ONECZNA POLANA PAWLIKOWICE","og_description":"Z A P R O S Z E N I E Zarz\u0105d ROD \u201eS\u0142oneczna Polana\u201d w Pawlikowicach zaprasza na Walne Zebranie Sprawozdawczo-Wyborcze, kt\u00f3re odb\u0119dzie si\u0119 dn. 06 kwietnia 2024 r. (sobota) w budynku Gminnego Domu Kultury w Bychlewie, Bychlew 107 b. POCZ\u0104TEK OBRAD: w I terminie &#8211; godz. 10:30 przy obecno\u015bci min. 50% cz\u0142onk\u00f3w w [&hellip;]","og_url":"https:\/\/rodslonecznapolana.pl\/index.php\/2024\/02\/12\/walne-zebranie-sprawozdawczo-wyborcze-rod-sloneczna-polana-6-kwietnia-2024r\/","og_site_name":"OGRODY DZIA\u0141KOWE S\u0141ONECZNA POLANA PAWLIKOWICE","article_published_time":"2024-02-12T11:42:21+00:00","article_modified_time":"2024-02-12T12:43:50+00:00","og_image":[{"width":680,"height":330,"url":"https:\/\/rodslonecznapolana.pl\/wp-content\/uploads\/2024\/02\/meeting-680x330.jpg","type":"image\/jpeg"}],"author":"slonecznapolanarod@gmail.com","twitter_card":"summary_large_image","twitter_misc":{"Napisane przez":"slonecznapolanarod@gmail.com","Szacowany czas czytania":"1 minuta"},"schema":{"@context":"https:\/\/schema.org","@graph":[{"@type":"WebPage","@id":"https:\/\/rodslonecznapolana.pl\/index.php\/2024\/02\/12\/walne-zebranie-sprawozdawczo-wyborcze-rod-sloneczna-polana-6-kwietnia-2024r\/","url":"https:\/\/rodslonecznapolana.pl\/index.php\/2024\/02\/12\/walne-zebranie-sprawozdawczo-wyborcze-rod-sloneczna-polana-6-kwietnia-2024r\/","name":"WALNE ZEBRANIE SPRAWOZDAWCZO-WYBORCZE ROD S\u0141ONECZNA POLANA - OGRODY DZIA\u0141KOWE S\u0141ONECZNA POLANA PAWLIKOWICE","isPartOf":{"@id":"https:\/\/rodslonecznapolana.pl\/#website"},"primaryImageOfPage":{"@id":"https:\/\/rodslonecznapolana.pl\/index.php\/2024\/02\/12\/walne-zebranie-sprawozdawczo-wyborcze-rod-sloneczna-polana-6-kwietnia-2024r\/#primaryimage"},"image":{"@id":"https:\/\/rodslonecznapolana.pl\/index.php\/2024\/02\/12\/walne-zebranie-sprawozdawczo-wyborcze-rod-sloneczna-polana-6-kwietnia-2024r\/#primaryimage"},"thumbnailUrl":"https:\/\/rodslonecznapolana.pl\/wp-content\/uploads\/2024\/02\/meeting-680x330.jpg","datePublished":"2024-02-12T11:42:21+00:00","dateModified":"2024-02-12T12:43:50+00:00","author":{"@id":"https:\/\/rodslonecznapolana.pl\/#\/schema\/person\/e1f11991694e9fa7757769079fa1c460"},"breadcrumb":{"@id":"https:\/\/rodslonecznapolana.pl\/index.php\/2024\/02\/12\/walne-zebranie-sprawozdawczo-wyborcze-rod-sloneczna-polana-6-kwietnia-2024r\/#breadcrumb"},"inLanguage":"pl-PL","potentialAction":[{"@type":"ReadAction","target":["https:\/\/rodslonecznapolana.pl\/index.php\/2024\/02\/12\/walne-zebranie-sprawozdawczo-wyborcze-rod-sloneczna-polana-6-kwietnia-2024r\/"]}]},{"@type":"ImageObject","inLanguage":"pl-PL","@id":"https:\/\/rodslonecznapolana.pl\/index.php\/2024\/02\/12\/walne-zebranie-sprawozdawczo-wyborcze-rod-sloneczna-polana-6-kwietnia-2024r\/#primaryimage","url":"https:\/\/rodslonecznapolana.pl\/wp-content\/uploads\/2024\/02\/meeting-680x330.jpg","contentUrl":"https:\/\/rodslonecznapolana.pl\/wp-content\/uploads\/2024\/02\/meeting-680x330.jpg","width":680,"height":330},{"@type":"BreadcrumbList","@id":"https:\/\/rodslonecznapolana.pl\/index.php\/2024\/02\/12\/walne-zebranie-sprawozdawczo-wyborcze-rod-sloneczna-polana-6-kwietnia-2024r\/#breadcrumb","itemListElement":[{"@type":"ListItem","position":1,"name":"Strona g\u0142\u00f3wna","item":"https:\/\/rodslonecznapolana.pl\/"},{"@type":"ListItem","position":2,"name":"WALNE ZEBRANIE SPRAWOZDAWCZO-WYBORCZE ROD S\u0141ONECZNA POLANA"}]},{"@type":"WebSite","@id":"https:\/\/rodslonecznapolana.pl\/#website","url":"https:\/\/rodslonecznapolana.pl\/","name":"OGRODY DZIA\u0141KOWE S\u0141ONECZNA POLANA PAWLIKOWICE","description":"","potentialAction":[{"@type":"SearchAction","target":{"@type":"EntryPoint","urlTemplate":"https:\/\/rodslonecznapolana.pl\/?s={search_term_string}"},"query-input":"required name=search_term_string"}],"inLanguage":"pl-PL"},{"@type":"Person","@id":"https:\/\/rodslonecznapolana.pl\/#\/schema\/person\/e1f11991694e9fa7757769079fa1c460","name":"slonecznapolanarod@gmail.com","image":{"@type":"ImageObject","inLanguage":"pl-PL","@id":"https:\/\/rodslonecznapolana.pl\/#\/schema\/person\/image\/","url":"https:\/\/secure.gravatar.com\/avatar\/4e1b7da00bbbef286abc5d10e669a6f0?s=96&d=mm&r=g","contentUrl":"https:\/\/secure.gravatar.com\/avatar\/4e1b7da00bbbef286abc5d10e669a6f0?s=96&d=mm&r=g","caption":"slonecznapolanarod@gmail.com"},"url":"https:\/\/rodslonecznapolana.pl\/index.php\/author\/slonecznapolanarodgmail-com\/"}]}},"_links":{"self":[{"href":"https:\/\/rodslonecznapolana.pl\/index.php\/wp-json\/wp\/v2\/posts\/1755"}],"collection":[{"href":"https:\/\/rodslonecznapolana.pl\/index.php\/wp-json\/wp\/v2\/posts"}],"about":[{"href":"https:\/\/rodslonecznapolana.pl\/index.php\/wp-json\/wp\/v2\/types\/post"}],"author":[{"embeddable":true,"href":"https:\/\/rodslonecznapolana.pl\/index.php\/wp-json\/wp\/v2\/users\/2"}],"replies":[{"embeddable":true,"href":"https:\/\/rodslonecznapolana.pl\/index.php\/wp-json\/wp\/v2\/comments?post=1755"}],"version-history":[{"count":8,"href":"https:\/\/rodslonecznapolana.pl\/index.php\/wp-json\/wp\/v2\/posts\/1755\/revisions"}],"predecessor-version":[{"id":1771,"href":"https:\/\/rodslonecznapolana.pl\/index.php\/wp-json\/wp\/v2\/posts\/1755\/revisions\/1771"}],"wp:featuredmedia":[{"embeddable":true,"href":"https:\/\/rodslonecznapolana.pl\/index.php\/wp-json\/wp\/v2\/media\/1762"}],"wp:attachment":[{"href":"https:\/\/rodslonecznapolana.pl\/index.php\/wp-json\/wp\/v2\/media?parent=1755"}],"wp:term":[{"taxonomy":"category","embeddable":true,"href":"https:\/\/rodslonecznapolana.pl\/index.php\/wp-json\/wp\/v2\/categories?post=1755"},{"taxonomy":"post_tag","embeddable":true,"href":"https:\/\/rodslonecznapolana.pl\/index.php\/wp-json\/wp\/v2\/tags?post=1755"}],"curies":[{"name":"wp","href":"https:\/\/api.w.org\/{rel}","templated":true}]}}