{"id":1846,"date":"2024-07-23T21:00:30","date_gmt":"2024-07-23T19:00:30","guid":{"rendered":"https:\/\/rodslonecznapolana.pl\/?p=1846"},"modified":"2024-07-23T21:00:30","modified_gmt":"2024-07-23T19:00:30","slug":"zaproszenie-na-biesiade-24-08-2024","status":"publish","type":"post","link":"https:\/\/rodslonecznapolana.pl\/index.php\/2024\/07\/23\/zaproszenie-na-biesiade-24-08-2024\/","title":{"rendered":"Zaproszenie na biesiad\u0119 24.08.2024"},"content":{"rendered":"\n<p><img loading=\"lazy\" decoding=\"async\" class=\" wp-image-1849 alignleft\" src=\"http:\/\/rodslonecznapolana.pl\/wp-content\/uploads\/2024\/07\/ser-300x232.jpg\" alt=\"\" width=\"462\" height=\"357\" srcset=\"https:\/\/rodslonecznapolana.pl\/wp-content\/uploads\/2024\/07\/ser-300x232.jpg 300w, https:\/\/rodslonecznapolana.pl\/wp-content\/uploads\/2024\/07\/ser-768x595.jpg 768w, https:\/\/rodslonecznapolana.pl\/wp-content\/uploads\/2024\/07\/ser.jpg 1023w\" sizes=\"(max-width: 462px) 100vw, 462px\" \/><\/p>\n\n\n<h1 style=\"text-align: left;\"><span style=\"color: #000080;\"><strong>Czas si\u0119 zbli\u017ca, zapraszamy jak co roku pod gwiazdami, <\/strong><\/span><\/h1>\n<h1 style=\"text-align: left;\"><span style=\"color: #000080;\"><strong>b\u0119d\u0105 ta\u0144ce i ognisko a tym razem to nie wszystko.<\/strong><\/span><\/h1>\n<h1 style=\"text-align: left;\"><span style=\"color: #000080;\"><strong>Noc rozb\u0142y\u015bnie nam iskrami, podzi\u0119kujmy wi\u0119c brawami. <\/strong><\/span><\/h1>\n<h1 style=\"text-align: left;\"><span style=\"color: #000080;\"><strong>Mog\u0105 tak\u017ce by\u0107 z\u0142ocisze, jakie du\u017ce nie napisz\u0119.<\/strong><\/span><\/h1>\n<h1 style=\"text-align: left;\"><span style=\"color: #000080;\"><strong>Tak jak zwykle przed wieczorem b\u0105d\u017amy razem w du\u017cym gronie.<img loading=\"lazy\" decoding=\"async\" class=\"size-medium wp-image-1855 alignright\" src=\"http:\/\/rodslonecznapolana.pl\/wp-content\/uploads\/2024\/07\/ser1-300x300.jpg\" alt=\"\" width=\"300\" height=\"300\" srcset=\"https:\/\/rodslonecznapolana.pl\/wp-content\/uploads\/2024\/07\/ser1-300x300.jpg 300w, https:\/\/rodslonecznapolana.pl\/wp-content\/uploads\/2024\/07\/ser1-150x150.jpg 150w, https:\/\/rodslonecznapolana.pl\/wp-content\/uploads\/2024\/07\/ser1-768x768.jpg 768w, https:\/\/rodslonecznapolana.pl\/wp-content\/uploads\/2024\/07\/ser1.jpg 1024w\" sizes=\"(max-width: 300px) 100vw, 300px\" \/><\/strong><\/span><\/h1>\n<h1 style=\"text-align: left;\"><span style=\"color: #800000; background-color: #999999;\"><strong>Sobota 24 sierpnia godz. 18<sup>00<\/sup><\/strong><\/span><\/h1>\n<h1 style=\"text-align: left;\"><span style=\"color: #800000; background-color: #999999;\"><strong>oczywi\u015bcie przy stawie na trawie.<\/strong><\/span><\/h1>\n<h4 style=\"text-align: left;\">\u00a0<\/h4>\n<h3 style=\"text-align: left;\"><strong>Zarz\u0105d ok. godz. 11<sup>30<\/sup> zaprasza ch\u0119tnych do pomocy przy rozstawianiu sto\u0142\u00f3w i namiot\u00f3w<\/strong><\/h3>\n\n","protected":false},"excerpt":{"rendered":"<p>Czas si\u0119 zbli\u017ca, zapraszamy jak co roku pod gwiazdami, b\u0119d\u0105 ta\u0144ce i ognisko a tym razem to nie wszystko. Noc rozb\u0142y\u015bnie nam iskrami, podzi\u0119kujmy wi\u0119c brawami. Mog\u0105 tak\u017ce by\u0107 z\u0142ocisze, jakie du\u017ce nie napisz\u0119. Tak jak zwykle przed wieczorem b\u0105d\u017amy razem w du\u017cym gronie. Sobota 24 sierpnia godz. 1800 oczywi\u015bcie przy stawie na trawie. \u00a0 [&hellip;]<\/p>\n","protected":false},"author":2,"featured_media":904,"comment_status":"closed","ping_status":"open","sticky":false,"template":"","format":"standard","meta":{"footnotes":""},"categories":[1],"tags":[],"yoast_head":"<!-- This site is optimized with the Yoast SEO plugin v22.6 - https:\/\/yoast.com\/wordpress\/plugins\/seo\/ -->\n<title>Zaproszenie na biesiad\u0119 24.08.2024 - OGRODY DZIA\u0141KOWE S\u0141ONECZNA POLANA PAWLIKOWICE<\/title>\n<meta name=\"robots\" content=\"index, follow, max-snippet:-1, max-image-preview:large, max-video-preview:-1\" \/>\n<link rel=\"canonical\" href=\"https:\/\/rodslonecznapolana.pl\/index.php\/2024\/07\/23\/zaproszenie-na-biesiade-24-08-2024\/\" \/>\n<meta property=\"og:locale\" content=\"pl_PL\" \/>\n<meta property=\"og:type\" content=\"article\" \/>\n<meta property=\"og:title\" content=\"Zaproszenie na biesiad\u0119 24.08.2024 - OGRODY DZIA\u0141KOWE S\u0141ONECZNA POLANA PAWLIKOWICE\" \/>\n<meta property=\"og:description\" content=\"Czas si\u0119 zbli\u017ca, zapraszamy jak co roku pod gwiazdami, b\u0119d\u0105 ta\u0144ce i ognisko a tym razem to nie wszystko. Noc rozb\u0142y\u015bnie nam iskrami, podzi\u0119kujmy wi\u0119c brawami. Mog\u0105 tak\u017ce by\u0107 z\u0142ocisze, jakie du\u017ce nie napisz\u0119. Tak jak zwykle przed wieczorem b\u0105d\u017amy razem w du\u017cym gronie. Sobota 24 sierpnia godz. 1800 oczywi\u015bcie przy stawie na trawie. \u00a0 [&hellip;]\" \/>\n<meta property=\"og:url\" content=\"https:\/\/rodslonecznapolana.pl\/index.php\/2024\/07\/23\/zaproszenie-na-biesiade-24-08-2024\/\" \/>\n<meta property=\"og:site_name\" content=\"OGRODY DZIA\u0141KOWE S\u0141ONECZNA POLANA PAWLIKOWICE\" \/>\n<meta property=\"article:published_time\" content=\"2024-07-23T19:00:30+00:00\" \/>\n<meta property=\"og:image\" content=\"http:\/\/rodslonecznapolana.pl\/wp-content\/uploads\/2017\/10\/DSC_5798-1024x681.jpg\" \/>\n\t<meta property=\"og:image:width\" content=\"1024\" \/>\n\t<meta property=\"og:image:height\" content=\"681\" \/>\n\t<meta property=\"og:image:type\" content=\"image\/jpeg\" \/>\n<meta name=\"author\" content=\"slonecznapolanarod@gmail.com\" \/>\n<meta name=\"twitter:card\" content=\"summary_large_image\" \/>\n<meta name=\"twitter:label1\" content=\"Napisane przez\" \/>\n\t<meta name=\"twitter:data1\" content=\"slonecznapolanarod@gmail.com\" \/>\n\t<meta name=\"twitter:label2\" content=\"Szacowany czas czytania\" \/>\n\t<meta name=\"twitter:data2\" content=\"2 minuty\" \/>\n<script type=\"application\/ld+json\" class=\"yoast-schema-graph\">{\"@context\":\"https:\/\/schema.org\",\"@graph\":[{\"@type\":\"WebPage\",\"@id\":\"https:\/\/rodslonecznapolana.pl\/index.php\/2024\/07\/23\/zaproszenie-na-biesiade-24-08-2024\/\",\"url\":\"https:\/\/rodslonecznapolana.pl\/index.php\/2024\/07\/23\/zaproszenie-na-biesiade-24-08-2024\/\",\"name\":\"Zaproszenie na biesiad\u0119 24.08.2024 - OGRODY DZIA\u0141KOWE S\u0141ONECZNA POLANA PAWLIKOWICE\",\"isPartOf\":{\"@id\":\"https:\/\/rodslonecznapolana.pl\/#website\"},\"primaryImageOfPage\":{\"@id\":\"https:\/\/rodslonecznapolana.pl\/index.php\/2024\/07\/23\/zaproszenie-na-biesiade-24-08-2024\/#primaryimage\"},\"image\":{\"@id\":\"https:\/\/rodslonecznapolana.pl\/index.php\/2024\/07\/23\/zaproszenie-na-biesiade-24-08-2024\/#primaryimage\"},\"thumbnailUrl\":\"https:\/\/rodslonecznapolana.pl\/wp-content\/uploads\/2017\/10\/DSC_5798.jpg\",\"datePublished\":\"2024-07-23T19:00:30+00:00\",\"dateModified\":\"2024-07-23T19:00:30+00:00\",\"author\":{\"@id\":\"https:\/\/rodslonecznapolana.pl\/#\/schema\/person\/e1f11991694e9fa7757769079fa1c460\"},\"breadcrumb\":{\"@id\":\"https:\/\/rodslonecznapolana.pl\/index.php\/2024\/07\/23\/zaproszenie-na-biesiade-24-08-2024\/#breadcrumb\"},\"inLanguage\":\"pl-PL\",\"potentialAction\":[{\"@type\":\"ReadAction\",\"target\":[\"https:\/\/rodslonecznapolana.pl\/index.php\/2024\/07\/23\/zaproszenie-na-biesiade-24-08-2024\/\"]}]},{\"@type\":\"ImageObject\",\"inLanguage\":\"pl-PL\",\"@id\":\"https:\/\/rodslonecznapolana.pl\/index.php\/2024\/07\/23\/zaproszenie-na-biesiade-24-08-2024\/#primaryimage\",\"url\":\"https:\/\/rodslonecznapolana.pl\/wp-content\/uploads\/2017\/10\/DSC_5798.jpg\",\"contentUrl\":\"https:\/\/rodslonecznapolana.pl\/wp-content\/uploads\/2017\/10\/DSC_5798.jpg\",\"width\":4256,\"height\":2832},{\"@type\":\"BreadcrumbList\",\"@id\":\"https:\/\/rodslonecznapolana.pl\/index.php\/2024\/07\/23\/zaproszenie-na-biesiade-24-08-2024\/#breadcrumb\",\"itemListElement\":[{\"@type\":\"ListItem\",\"position\":1,\"name\":\"Strona g\u0142\u00f3wna\",\"item\":\"https:\/\/rodslonecznapolana.pl\/\"},{\"@type\":\"ListItem\",\"position\":2,\"name\":\"Zaproszenie na biesiad\u0119 24.08.2024\"}]},{\"@type\":\"WebSite\",\"@id\":\"https:\/\/rodslonecznapolana.pl\/#website\",\"url\":\"https:\/\/rodslonecznapolana.pl\/\",\"name\":\"OGRODY DZIA\u0141KOWE S\u0141ONECZNA POLANA PAWLIKOWICE\",\"description\":\"\",\"potentialAction\":[{\"@type\":\"SearchAction\",\"target\":{\"@type\":\"EntryPoint\",\"urlTemplate\":\"https:\/\/rodslonecznapolana.pl\/?s={search_term_string}\"},\"query-input\":\"required name=search_term_string\"}],\"inLanguage\":\"pl-PL\"},{\"@type\":\"Person\",\"@id\":\"https:\/\/rodslonecznapolana.pl\/#\/schema\/person\/e1f11991694e9fa7757769079fa1c460\",\"name\":\"slonecznapolanarod@gmail.com\",\"image\":{\"@type\":\"ImageObject\",\"inLanguage\":\"pl-PL\",\"@id\":\"https:\/\/rodslonecznapolana.pl\/#\/schema\/person\/image\/\",\"url\":\"https:\/\/secure.gravatar.com\/avatar\/4e1b7da00bbbef286abc5d10e669a6f0?s=96&d=mm&r=g\",\"contentUrl\":\"https:\/\/secure.gravatar.com\/avatar\/4e1b7da00bbbef286abc5d10e669a6f0?s=96&d=mm&r=g\",\"caption\":\"slonecznapolanarod@gmail.com\"},\"url\":\"https:\/\/rodslonecznapolana.pl\/index.php\/author\/slonecznapolanarodgmail-com\/\"}]}<\/script>\n<!-- \/ Yoast SEO plugin. -->","yoast_head_json":{"title":"Zaproszenie na biesiad\u0119 24.08.2024 - OGRODY DZIA\u0141KOWE S\u0141ONECZNA POLANA PAWLIKOWICE","robots":{"index":"index","follow":"follow","max-snippet":"max-snippet:-1","max-image-preview":"max-image-preview:large","max-video-preview":"max-video-preview:-1"},"canonical":"https:\/\/rodslonecznapolana.pl\/index.php\/2024\/07\/23\/zaproszenie-na-biesiade-24-08-2024\/","og_locale":"pl_PL","og_type":"article","og_title":"Zaproszenie na biesiad\u0119 24.08.2024 - OGRODY DZIA\u0141KOWE S\u0141ONECZNA POLANA PAWLIKOWICE","og_description":"Czas si\u0119 zbli\u017ca, zapraszamy jak co roku pod gwiazdami, b\u0119d\u0105 ta\u0144ce i ognisko a tym razem to nie wszystko. Noc rozb\u0142y\u015bnie nam iskrami, podzi\u0119kujmy wi\u0119c brawami. Mog\u0105 tak\u017ce by\u0107 z\u0142ocisze, jakie du\u017ce nie napisz\u0119. Tak jak zwykle przed wieczorem b\u0105d\u017amy razem w du\u017cym gronie. Sobota 24 sierpnia godz. 1800 oczywi\u015bcie przy stawie na trawie. \u00a0 [&hellip;]","og_url":"https:\/\/rodslonecznapolana.pl\/index.php\/2024\/07\/23\/zaproszenie-na-biesiade-24-08-2024\/","og_site_name":"OGRODY DZIA\u0141KOWE S\u0141ONECZNA POLANA PAWLIKOWICE","article_published_time":"2024-07-23T19:00:30+00:00","og_image":[{"width":1024,"height":681,"url":"http:\/\/rodslonecznapolana.pl\/wp-content\/uploads\/2017\/10\/DSC_5798-1024x681.jpg","type":"image\/jpeg"}],"author":"slonecznapolanarod@gmail.com","twitter_card":"summary_large_image","twitter_misc":{"Napisane przez":"slonecznapolanarod@gmail.com","Szacowany czas czytania":"2 minuty"},"schema":{"@context":"https:\/\/schema.org","@graph":[{"@type":"WebPage","@id":"https:\/\/rodslonecznapolana.pl\/index.php\/2024\/07\/23\/zaproszenie-na-biesiade-24-08-2024\/","url":"https:\/\/rodslonecznapolana.pl\/index.php\/2024\/07\/23\/zaproszenie-na-biesiade-24-08-2024\/","name":"Zaproszenie na biesiad\u0119 24.08.2024 - OGRODY DZIA\u0141KOWE S\u0141ONECZNA POLANA PAWLIKOWICE","isPartOf":{"@id":"https:\/\/rodslonecznapolana.pl\/#website"},"primaryImageOfPage":{"@id":"https:\/\/rodslonecznapolana.pl\/index.php\/2024\/07\/23\/zaproszenie-na-biesiade-24-08-2024\/#primaryimage"},"image":{"@id":"https:\/\/rodslonecznapolana.pl\/index.php\/2024\/07\/23\/zaproszenie-na-biesiade-24-08-2024\/#primaryimage"},"thumbnailUrl":"https:\/\/rodslonecznapolana.pl\/wp-content\/uploads\/2017\/10\/DSC_5798.jpg","datePublished":"2024-07-23T19:00:30+00:00","dateModified":"2024-07-23T19:00:30+00:00","author":{"@id":"https:\/\/rodslonecznapolana.pl\/#\/schema\/person\/e1f11991694e9fa7757769079fa1c460"},"breadcrumb":{"@id":"https:\/\/rodslonecznapolana.pl\/index.php\/2024\/07\/23\/zaproszenie-na-biesiade-24-08-2024\/#breadcrumb"},"inLanguage":"pl-PL","potentialAction":[{"@type":"ReadAction","target":["https:\/\/rodslonecznapolana.pl\/index.php\/2024\/07\/23\/zaproszenie-na-biesiade-24-08-2024\/"]}]},{"@type":"ImageObject","inLanguage":"pl-PL","@id":"https:\/\/rodslonecznapolana.pl\/index.php\/2024\/07\/23\/zaproszenie-na-biesiade-24-08-2024\/#primaryimage","url":"https:\/\/rodslonecznapolana.pl\/wp-content\/uploads\/2017\/10\/DSC_5798.jpg","contentUrl":"https:\/\/rodslonecznapolana.pl\/wp-content\/uploads\/2017\/10\/DSC_5798.jpg","width":4256,"height":2832},{"@type":"BreadcrumbList","@id":"https:\/\/rodslonecznapolana.pl\/index.php\/2024\/07\/23\/zaproszenie-na-biesiade-24-08-2024\/#breadcrumb","itemListElement":[{"@type":"ListItem","position":1,"name":"Strona g\u0142\u00f3wna","item":"https:\/\/rodslonecznapolana.pl\/"},{"@type":"ListItem","position":2,"name":"Zaproszenie na biesiad\u0119 24.08.2024"}]},{"@type":"WebSite","@id":"https:\/\/rodslonecznapolana.pl\/#website","url":"https:\/\/rodslonecznapolana.pl\/","name":"OGRODY DZIA\u0141KOWE S\u0141ONECZNA POLANA PAWLIKOWICE","description":"","potentialAction":[{"@type":"SearchAction","target":{"@type":"EntryPoint","urlTemplate":"https:\/\/rodslonecznapolana.pl\/?s={search_term_string}"},"query-input":"required name=search_term_string"}],"inLanguage":"pl-PL"},{"@type":"Person","@id":"https:\/\/rodslonecznapolana.pl\/#\/schema\/person\/e1f11991694e9fa7757769079fa1c460","name":"slonecznapolanarod@gmail.com","image":{"@type":"ImageObject","inLanguage":"pl-PL","@id":"https:\/\/rodslonecznapolana.pl\/#\/schema\/person\/image\/","url":"https:\/\/secure.gravatar.com\/avatar\/4e1b7da00bbbef286abc5d10e669a6f0?s=96&d=mm&r=g","contentUrl":"https:\/\/secure.gravatar.com\/avatar\/4e1b7da00bbbef286abc5d10e669a6f0?s=96&d=mm&r=g","caption":"slonecznapolanarod@gmail.com"},"url":"https:\/\/rodslonecznapolana.pl\/index.php\/author\/slonecznapolanarodgmail-com\/"}]}},"_links":{"self":[{"href":"https:\/\/rodslonecznapolana.pl\/index.php\/wp-json\/wp\/v2\/posts\/1846"}],"collection":[{"href":"https:\/\/rodslonecznapolana.pl\/index.php\/wp-json\/wp\/v2\/posts"}],"about":[{"href":"https:\/\/rodslonecznapolana.pl\/index.php\/wp-json\/wp\/v2\/types\/post"}],"author":[{"embeddable":true,"href":"https:\/\/rodslonecznapolana.pl\/index.php\/wp-json\/wp\/v2\/users\/2"}],"replies":[{"embeddable":true,"href":"https:\/\/rodslonecznapolana.pl\/index.php\/wp-json\/wp\/v2\/comments?post=1846"}],"version-history":[{"count":8,"href":"https:\/\/rodslonecznapolana.pl\/index.php\/wp-json\/wp\/v2\/posts\/1846\/revisions"}],"predecessor-version":[{"id":1856,"href":"https:\/\/rodslonecznapolana.pl\/index.php\/wp-json\/wp\/v2\/posts\/1846\/revisions\/1856"}],"wp:featuredmedia":[{"embeddable":true,"href":"https:\/\/rodslonecznapolana.pl\/index.php\/wp-json\/wp\/v2\/media\/904"}],"wp:attachment":[{"href":"https:\/\/rodslonecznapolana.pl\/index.php\/wp-json\/wp\/v2\/media?parent=1846"}],"wp:term":[{"taxonomy":"category","embeddable":true,"href":"https:\/\/rodslonecznapolana.pl\/index.php\/wp-json\/wp\/v2\/categories?post=1846"},{"taxonomy":"post_tag","embeddable":true,"href":"https:\/\/rodslonecznapolana.pl\/index.php\/wp-json\/wp\/v2\/tags?post=1846"}],"curies":[{"name":"wp","href":"https:\/\/api.w.org\/{rel}","templated":true}]}}