{"id":1878,"date":"2025-02-01T16:47:02","date_gmt":"2025-02-01T15:47:02","guid":{"rendered":"https:\/\/rodslonecznapolana.pl\/?p=1878"},"modified":"2025-03-17T07:41:39","modified_gmt":"2025-03-17T06:41:39","slug":"walne-zebranie-sprawozdawcze-2025-termin","status":"publish","type":"post","link":"https:\/\/rodslonecznapolana.pl\/index.php\/2025\/02\/01\/walne-zebranie-sprawozdawcze-2025-termin\/","title":{"rendered":"WALNE ZEBRANIE SPRAWOZDAWCZE 2025-TERMIN"},"content":{"rendered":"\n\n\n<h4><strong><span style=\"color: #800000;\">Z A P R O S Z E N I E<\/span><\/strong><\/h4>\n<h4><strong><span style=\"color: #800000;\">Zarz\u0105d ROD \u201eS\u0142oneczna Polana\u201d w Pawlikowicach zaprasza na Walne Zebranie Sprawozdawcze, kt\u00f3re odb\u0119dzie si\u0119 dn. 05 kwietnia 2025 r. (sobota) <br \/>w budynku Gminnego Domu Kultury w Bychlewie, Bychlew 107 b.<\/span><\/strong><\/h4>\n<h4><strong><span style=\"color: #800000;\">POCZ\u0104TEK OBRAD: w I terminie \u2013 godz. 12:30 przy obecno\u015bci min. 50% cz\u0142onk\u00f3w <\/span><\/strong><strong><span style=\"color: #800000;\">w II terminie \u2013 godz. 13:00 niezale\u017cnie od liczby obecnych cz\u0142onk\u00f3w PZD \u2013 zgodnie z \u00a7 61 ust. 2 Statutu PZD uchwa\u0142y podj\u0119te w drugim terminie s\u0105 wa\u017cne i obowi\u0105zuj\u0105 bez wzgl\u0119du na liczb\u0119 obecnych na zebraniu.<\/span><\/strong><\/h4>\n<h4><strong><span style=\"color: #800000;\">Materia\u0142y sprawozdawcze dost\u0119pne b\u0119d\u0105 do wgl\u0105du w dniu 21 marca 2025 r. (pi\u0105tek) w godz. 15:00 \u2013 17: 00 oraz w dniu 22 marca (sobota) <br \/>w godz. 9:00 \u2013 11:00 w Gminnym Domu Kultury w Bychlewie.<\/span><\/strong><br \/><strong><span style=\"color: #800000;\">PRAWO UDZIA\u0141U W WALNYM ZEBRANIU MA WY\u0141\u0104CZNIE CZ\u0141ONEK PZD I WYKLUCZONE JEST ZAST\u0118PSTWO LUB DZIA\u0141ANIE PRZEZ PE\u0141NOMOCNIK\u00d3W.<\/span><\/strong><br \/><strong><span style=\"color: #800000;\">Ka\u017cdy cz\u0142onek PZD zaproszony na zebranie zobowi\u0105zany jest posiada\u0107 dokument to\u017csamo\u015bci, o okazanie kt\u00f3rego mo\u017ce by\u0107 poproszony przy sprawdzaniu listy obecno\u015bci.<\/span><\/strong><\/h4>\n<h4 style=\"text-align: center;\"><strong><span style=\"color: #800000;\">Wiceprezes Zarz\u0105du \u2013 Zdzis\u0142aw Wo\u017aniak\u00a0 \u00a0 \u00a0 \u00a0 \u00a0 \u00a0 \u00a0 \u00a0 \u00a0 \u00a0 \u00a0 \u00a0 \u00a0 \u00a0 Prezes ROD \u2013 Andrzej Jankowski<\/span><\/strong><\/h4>\n<p>\u00a0<\/p>\n<p style=\"text-align: center;\"><a href=\"http:\/\/rodslonecznapolana.pl\/wp-content\/uploads\/2025\/02\/UCHWALA-NR-7_2025_TERMIN-WZS.pdf\"><strong>UCHWA\u0141A NR 7_2025_TERMIN WZS<\/strong><\/a><\/p>\n<p style=\"text-align: center;\"><strong><a href=\"http:\/\/rodslonecznapolana.pl\/wp-content\/uploads\/2025\/02\/PORZADEK-WALNEGO-ZEBRANIA-SPRAWOZDAWCZEGO.pdf\">PORZ\u0104DEK WALNEGO ZEBRANIA SPRAWOZDAWCZEGO<\/a><\/strong><\/p>\n<p style=\"text-align: center;\"><strong><a href=\"http:\/\/rodslonecznapolana.pl\/wp-content\/uploads\/2025\/02\/PROPONOWANY-REGULAMIN-WALNEGO-ZEBRANIA-SPRAWOZDAWCZEGO.pdf\">PROPONOWANY REGULAMIN WALNEGO ZEBRANIA SPRAWOZDAWCZEGO<\/a><\/strong><\/p>\n<p>\u00a0<\/p>\n","protected":false},"excerpt":{"rendered":"<p>Z A P R O S Z E N I E Zarz\u0105d ROD \u201eS\u0142oneczna Polana\u201d w Pawlikowicach zaprasza na Walne Zebranie Sprawozdawcze, kt\u00f3re odb\u0119dzie si\u0119 dn. 05 kwietnia 2025 r. (sobota) w budynku Gminnego Domu Kultury w Bychlewie, Bychlew 107 b. POCZ\u0104TEK OBRAD: w I terminie \u2013 godz. 12:30 przy obecno\u015bci min. 50% cz\u0142onk\u00f3w w [&hellip;]<\/p>\n","protected":false},"author":2,"featured_media":458,"comment_status":"closed","ping_status":"open","sticky":false,"template":"","format":"standard","meta":{"footnotes":""},"categories":[1],"tags":[],"yoast_head":"<!-- This site is optimized with the Yoast SEO plugin v22.6 - https:\/\/yoast.com\/wordpress\/plugins\/seo\/ -->\n<title>WALNE ZEBRANIE SPRAWOZDAWCZE 2025-TERMIN - OGRODY DZIA\u0141KOWE S\u0141ONECZNA POLANA PAWLIKOWICE<\/title>\n<meta name=\"robots\" content=\"index, follow, max-snippet:-1, max-image-preview:large, max-video-preview:-1\" \/>\n<link rel=\"canonical\" href=\"https:\/\/rodslonecznapolana.pl\/index.php\/2025\/02\/01\/walne-zebranie-sprawozdawcze-2025-termin\/\" \/>\n<meta property=\"og:locale\" content=\"pl_PL\" \/>\n<meta property=\"og:type\" content=\"article\" \/>\n<meta property=\"og:title\" content=\"WALNE ZEBRANIE SPRAWOZDAWCZE 2025-TERMIN - OGRODY DZIA\u0141KOWE S\u0141ONECZNA POLANA PAWLIKOWICE\" \/>\n<meta property=\"og:description\" content=\"Z A P R O S Z E N I E Zarz\u0105d ROD \u201eS\u0142oneczna Polana\u201d w Pawlikowicach zaprasza na Walne Zebranie Sprawozdawcze, kt\u00f3re odb\u0119dzie si\u0119 dn. 05 kwietnia 2025 r. (sobota) w budynku Gminnego Domu Kultury w Bychlewie, Bychlew 107 b. POCZ\u0104TEK OBRAD: w I terminie \u2013 godz. 12:30 przy obecno\u015bci min. 50% cz\u0142onk\u00f3w w [&hellip;]\" \/>\n<meta property=\"og:url\" content=\"https:\/\/rodslonecznapolana.pl\/index.php\/2025\/02\/01\/walne-zebranie-sprawozdawcze-2025-termin\/\" \/>\n<meta property=\"og:site_name\" content=\"OGRODY DZIA\u0141KOWE S\u0141ONECZNA POLANA PAWLIKOWICE\" \/>\n<meta property=\"article:published_time\" content=\"2025-02-01T15:47:02+00:00\" \/>\n<meta property=\"article:modified_time\" content=\"2025-03-17T06:41:39+00:00\" \/>\n<meta property=\"og:image\" content=\"http:\/\/rodslonecznapolana.pl\/wp-content\/uploads\/2017\/08\/zarz\u0105d-752x440.jpg\" \/>\n\t<meta property=\"og:image:width\" content=\"752\" \/>\n\t<meta property=\"og:image:height\" content=\"440\" \/>\n\t<meta property=\"og:image:type\" content=\"image\/jpeg\" \/>\n<meta name=\"author\" content=\"slonecznapolanarod@gmail.com\" \/>\n<meta name=\"twitter:card\" content=\"summary_large_image\" \/>\n<meta name=\"twitter:label1\" content=\"Napisane przez\" \/>\n\t<meta name=\"twitter:data1\" content=\"slonecznapolanarod@gmail.com\" \/>\n\t<meta name=\"twitter:label2\" content=\"Szacowany czas czytania\" \/>\n\t<meta name=\"twitter:data2\" content=\"2 minuty\" \/>\n<script type=\"application\/ld+json\" class=\"yoast-schema-graph\">{\"@context\":\"https:\/\/schema.org\",\"@graph\":[{\"@type\":\"WebPage\",\"@id\":\"https:\/\/rodslonecznapolana.pl\/index.php\/2025\/02\/01\/walne-zebranie-sprawozdawcze-2025-termin\/\",\"url\":\"https:\/\/rodslonecznapolana.pl\/index.php\/2025\/02\/01\/walne-zebranie-sprawozdawcze-2025-termin\/\",\"name\":\"WALNE ZEBRANIE SPRAWOZDAWCZE 2025-TERMIN - OGRODY DZIA\u0141KOWE S\u0141ONECZNA POLANA PAWLIKOWICE\",\"isPartOf\":{\"@id\":\"https:\/\/rodslonecznapolana.pl\/#website\"},\"primaryImageOfPage\":{\"@id\":\"https:\/\/rodslonecznapolana.pl\/index.php\/2025\/02\/01\/walne-zebranie-sprawozdawcze-2025-termin\/#primaryimage\"},\"image\":{\"@id\":\"https:\/\/rodslonecznapolana.pl\/index.php\/2025\/02\/01\/walne-zebranie-sprawozdawcze-2025-termin\/#primaryimage\"},\"thumbnailUrl\":\"https:\/\/rodslonecznapolana.pl\/wp-content\/uploads\/2017\/08\/zarz\u0105d-752x440.jpg\",\"datePublished\":\"2025-02-01T15:47:02+00:00\",\"dateModified\":\"2025-03-17T06:41:39+00:00\",\"author\":{\"@id\":\"https:\/\/rodslonecznapolana.pl\/#\/schema\/person\/e1f11991694e9fa7757769079fa1c460\"},\"breadcrumb\":{\"@id\":\"https:\/\/rodslonecznapolana.pl\/index.php\/2025\/02\/01\/walne-zebranie-sprawozdawcze-2025-termin\/#breadcrumb\"},\"inLanguage\":\"pl-PL\",\"potentialAction\":[{\"@type\":\"ReadAction\",\"target\":[\"https:\/\/rodslonecznapolana.pl\/index.php\/2025\/02\/01\/walne-zebranie-sprawozdawcze-2025-termin\/\"]}]},{\"@type\":\"ImageObject\",\"inLanguage\":\"pl-PL\",\"@id\":\"https:\/\/rodslonecznapolana.pl\/index.php\/2025\/02\/01\/walne-zebranie-sprawozdawcze-2025-termin\/#primaryimage\",\"url\":\"https:\/\/rodslonecznapolana.pl\/wp-content\/uploads\/2017\/08\/zarz\u0105d-752x440.jpg\",\"contentUrl\":\"https:\/\/rodslonecznapolana.pl\/wp-content\/uploads\/2017\/08\/zarz\u0105d-752x440.jpg\",\"width\":752,\"height\":440},{\"@type\":\"BreadcrumbList\",\"@id\":\"https:\/\/rodslonecznapolana.pl\/index.php\/2025\/02\/01\/walne-zebranie-sprawozdawcze-2025-termin\/#breadcrumb\",\"itemListElement\":[{\"@type\":\"ListItem\",\"position\":1,\"name\":\"Strona g\u0142\u00f3wna\",\"item\":\"https:\/\/rodslonecznapolana.pl\/\"},{\"@type\":\"ListItem\",\"position\":2,\"name\":\"WALNE ZEBRANIE SPRAWOZDAWCZE 2025-TERMIN\"}]},{\"@type\":\"WebSite\",\"@id\":\"https:\/\/rodslonecznapolana.pl\/#website\",\"url\":\"https:\/\/rodslonecznapolana.pl\/\",\"name\":\"OGRODY DZIA\u0141KOWE S\u0141ONECZNA POLANA PAWLIKOWICE\",\"description\":\"\",\"potentialAction\":[{\"@type\":\"SearchAction\",\"target\":{\"@type\":\"EntryPoint\",\"urlTemplate\":\"https:\/\/rodslonecznapolana.pl\/?s={search_term_string}\"},\"query-input\":\"required name=search_term_string\"}],\"inLanguage\":\"pl-PL\"},{\"@type\":\"Person\",\"@id\":\"https:\/\/rodslonecznapolana.pl\/#\/schema\/person\/e1f11991694e9fa7757769079fa1c460\",\"name\":\"slonecznapolanarod@gmail.com\",\"image\":{\"@type\":\"ImageObject\",\"inLanguage\":\"pl-PL\",\"@id\":\"https:\/\/rodslonecznapolana.pl\/#\/schema\/person\/image\/\",\"url\":\"https:\/\/secure.gravatar.com\/avatar\/4e1b7da00bbbef286abc5d10e669a6f0?s=96&d=mm&r=g\",\"contentUrl\":\"https:\/\/secure.gravatar.com\/avatar\/4e1b7da00bbbef286abc5d10e669a6f0?s=96&d=mm&r=g\",\"caption\":\"slonecznapolanarod@gmail.com\"},\"url\":\"https:\/\/rodslonecznapolana.pl\/index.php\/author\/slonecznapolanarodgmail-com\/\"}]}<\/script>\n<!-- \/ Yoast SEO plugin. -->","yoast_head_json":{"title":"WALNE ZEBRANIE SPRAWOZDAWCZE 2025-TERMIN - OGRODY DZIA\u0141KOWE S\u0141ONECZNA POLANA PAWLIKOWICE","robots":{"index":"index","follow":"follow","max-snippet":"max-snippet:-1","max-image-preview":"max-image-preview:large","max-video-preview":"max-video-preview:-1"},"canonical":"https:\/\/rodslonecznapolana.pl\/index.php\/2025\/02\/01\/walne-zebranie-sprawozdawcze-2025-termin\/","og_locale":"pl_PL","og_type":"article","og_title":"WALNE ZEBRANIE SPRAWOZDAWCZE 2025-TERMIN - OGRODY DZIA\u0141KOWE S\u0141ONECZNA POLANA PAWLIKOWICE","og_description":"Z A P R O S Z E N I E Zarz\u0105d ROD \u201eS\u0142oneczna Polana\u201d w Pawlikowicach zaprasza na Walne Zebranie Sprawozdawcze, kt\u00f3re odb\u0119dzie si\u0119 dn. 05 kwietnia 2025 r. (sobota) w budynku Gminnego Domu Kultury w Bychlewie, Bychlew 107 b. POCZ\u0104TEK OBRAD: w I terminie \u2013 godz. 12:30 przy obecno\u015bci min. 50% cz\u0142onk\u00f3w w [&hellip;]","og_url":"https:\/\/rodslonecznapolana.pl\/index.php\/2025\/02\/01\/walne-zebranie-sprawozdawcze-2025-termin\/","og_site_name":"OGRODY DZIA\u0141KOWE S\u0141ONECZNA POLANA PAWLIKOWICE","article_published_time":"2025-02-01T15:47:02+00:00","article_modified_time":"2025-03-17T06:41:39+00:00","og_image":[{"width":752,"height":440,"url":"http:\/\/rodslonecznapolana.pl\/wp-content\/uploads\/2017\/08\/zarz\u0105d-752x440.jpg","type":"image\/jpeg"}],"author":"slonecznapolanarod@gmail.com","twitter_card":"summary_large_image","twitter_misc":{"Napisane przez":"slonecznapolanarod@gmail.com","Szacowany czas czytania":"2 minuty"},"schema":{"@context":"https:\/\/schema.org","@graph":[{"@type":"WebPage","@id":"https:\/\/rodslonecznapolana.pl\/index.php\/2025\/02\/01\/walne-zebranie-sprawozdawcze-2025-termin\/","url":"https:\/\/rodslonecznapolana.pl\/index.php\/2025\/02\/01\/walne-zebranie-sprawozdawcze-2025-termin\/","name":"WALNE ZEBRANIE SPRAWOZDAWCZE 2025-TERMIN - OGRODY DZIA\u0141KOWE S\u0141ONECZNA POLANA PAWLIKOWICE","isPartOf":{"@id":"https:\/\/rodslonecznapolana.pl\/#website"},"primaryImageOfPage":{"@id":"https:\/\/rodslonecznapolana.pl\/index.php\/2025\/02\/01\/walne-zebranie-sprawozdawcze-2025-termin\/#primaryimage"},"image":{"@id":"https:\/\/rodslonecznapolana.pl\/index.php\/2025\/02\/01\/walne-zebranie-sprawozdawcze-2025-termin\/#primaryimage"},"thumbnailUrl":"https:\/\/rodslonecznapolana.pl\/wp-content\/uploads\/2017\/08\/zarz\u0105d-752x440.jpg","datePublished":"2025-02-01T15:47:02+00:00","dateModified":"2025-03-17T06:41:39+00:00","author":{"@id":"https:\/\/rodslonecznapolana.pl\/#\/schema\/person\/e1f11991694e9fa7757769079fa1c460"},"breadcrumb":{"@id":"https:\/\/rodslonecznapolana.pl\/index.php\/2025\/02\/01\/walne-zebranie-sprawozdawcze-2025-termin\/#breadcrumb"},"inLanguage":"pl-PL","potentialAction":[{"@type":"ReadAction","target":["https:\/\/rodslonecznapolana.pl\/index.php\/2025\/02\/01\/walne-zebranie-sprawozdawcze-2025-termin\/"]}]},{"@type":"ImageObject","inLanguage":"pl-PL","@id":"https:\/\/rodslonecznapolana.pl\/index.php\/2025\/02\/01\/walne-zebranie-sprawozdawcze-2025-termin\/#primaryimage","url":"https:\/\/rodslonecznapolana.pl\/wp-content\/uploads\/2017\/08\/zarz\u0105d-752x440.jpg","contentUrl":"https:\/\/rodslonecznapolana.pl\/wp-content\/uploads\/2017\/08\/zarz\u0105d-752x440.jpg","width":752,"height":440},{"@type":"BreadcrumbList","@id":"https:\/\/rodslonecznapolana.pl\/index.php\/2025\/02\/01\/walne-zebranie-sprawozdawcze-2025-termin\/#breadcrumb","itemListElement":[{"@type":"ListItem","position":1,"name":"Strona g\u0142\u00f3wna","item":"https:\/\/rodslonecznapolana.pl\/"},{"@type":"ListItem","position":2,"name":"WALNE ZEBRANIE SPRAWOZDAWCZE 2025-TERMIN"}]},{"@type":"WebSite","@id":"https:\/\/rodslonecznapolana.pl\/#website","url":"https:\/\/rodslonecznapolana.pl\/","name":"OGRODY DZIA\u0141KOWE S\u0141ONECZNA POLANA PAWLIKOWICE","description":"","potentialAction":[{"@type":"SearchAction","target":{"@type":"EntryPoint","urlTemplate":"https:\/\/rodslonecznapolana.pl\/?s={search_term_string}"},"query-input":"required name=search_term_string"}],"inLanguage":"pl-PL"},{"@type":"Person","@id":"https:\/\/rodslonecznapolana.pl\/#\/schema\/person\/e1f11991694e9fa7757769079fa1c460","name":"slonecznapolanarod@gmail.com","image":{"@type":"ImageObject","inLanguage":"pl-PL","@id":"https:\/\/rodslonecznapolana.pl\/#\/schema\/person\/image\/","url":"https:\/\/secure.gravatar.com\/avatar\/4e1b7da00bbbef286abc5d10e669a6f0?s=96&d=mm&r=g","contentUrl":"https:\/\/secure.gravatar.com\/avatar\/4e1b7da00bbbef286abc5d10e669a6f0?s=96&d=mm&r=g","caption":"slonecznapolanarod@gmail.com"},"url":"https:\/\/rodslonecznapolana.pl\/index.php\/author\/slonecznapolanarodgmail-com\/"}]}},"_links":{"self":[{"href":"https:\/\/rodslonecznapolana.pl\/index.php\/wp-json\/wp\/v2\/posts\/1878"}],"collection":[{"href":"https:\/\/rodslonecznapolana.pl\/index.php\/wp-json\/wp\/v2\/posts"}],"about":[{"href":"https:\/\/rodslonecznapolana.pl\/index.php\/wp-json\/wp\/v2\/types\/post"}],"author":[{"embeddable":true,"href":"https:\/\/rodslonecznapolana.pl\/index.php\/wp-json\/wp\/v2\/users\/2"}],"replies":[{"embeddable":true,"href":"https:\/\/rodslonecznapolana.pl\/index.php\/wp-json\/wp\/v2\/comments?post=1878"}],"version-history":[{"count":9,"href":"https:\/\/rodslonecznapolana.pl\/index.php\/wp-json\/wp\/v2\/posts\/1878\/revisions"}],"predecessor-version":[{"id":1902,"href":"https:\/\/rodslonecznapolana.pl\/index.php\/wp-json\/wp\/v2\/posts\/1878\/revisions\/1902"}],"wp:featuredmedia":[{"embeddable":true,"href":"https:\/\/rodslonecznapolana.pl\/index.php\/wp-json\/wp\/v2\/media\/458"}],"wp:attachment":[{"href":"https:\/\/rodslonecznapolana.pl\/index.php\/wp-json\/wp\/v2\/media?parent=1878"}],"wp:term":[{"taxonomy":"category","embeddable":true,"href":"https:\/\/rodslonecznapolana.pl\/index.php\/wp-json\/wp\/v2\/categories?post=1878"},{"taxonomy":"post_tag","embeddable":true,"href":"https:\/\/rodslonecznapolana.pl\/index.php\/wp-json\/wp\/v2\/tags?post=1878"}],"curies":[{"name":"wp","href":"https:\/\/api.w.org\/{rel}","templated":true}]}}