{"id":1932,"date":"2025-07-11T12:44:58","date_gmt":"2025-07-11T10:44:58","guid":{"rendered":"https:\/\/rodslonecznapolana.pl\/?p=1932"},"modified":"2025-07-11T12:44:58","modified_gmt":"2025-07-11T10:44:58","slug":"mielenie-galezi-2","status":"publish","type":"post","link":"https:\/\/rodslonecznapolana.pl\/index.php\/2025\/07\/11\/mielenie-galezi-2\/","title":{"rendered":"Mielenie ga\u0142\u0119zi"},"content":{"rendered":"\n<h2 style=\"text-align: center;\"><span style=\"color: #008000; background-color: #ffff99;\"><strong>Drugie mielenie ga\u0142\u0119zi odb\u0119dzie si\u0119 <\/strong><\/span><\/h2>\n<h2 style=\"text-align: center;\"><span style=\"color: #008000; background-color: #ffff99;\"><strong>w sobot\u0119 2 sierpnia 2025 r. o godz. 9<sup>00<\/sup><\/strong><\/span><\/h2>\n<h2 style=\"text-align: center;\"><span style=\"color: #008000; background-color: #ffff99;\"><strong>Ga\u0142\u0119zie, bez chwast\u00f3w i \u015bmieci, mo\u017cna sk\u0142ada\u0107 na terenie hydroforni <\/strong><\/span><\/h2>\n<h2 style=\"text-align: center;\"><span style=\"color: #008000; background-color: #ffff99;\"><strong>w pi\u0105tki, soboty i niedziele od dnia 13 lipca 2025 r.<\/strong><\/span><\/h2>\n<h2 style=\"text-align: center;\"><span style=\"color: #008000; background-color: #ffff99;\"><strong>Prosimy nie przerzuca\u0107 ga\u0142\u0119zi przez ogrodzenie.<\/strong><\/span><\/h2>\n<p style=\"text-align: right;\">\u00a0\u00a0\u00a0\u00a0\u00a0\u00a0\u00a0 <strong><span style=\"color: #000080;\"><em>Zarz\u0105d ROD S\u0142oneczna Polana\u00a0 \u00a0 \u00a0 \u00a0\u00a0<\/em><\/span><\/strong><\/p>\n\n\n\n\n","protected":false},"excerpt":{"rendered":"<p>Drugie mielenie ga\u0142\u0119zi odb\u0119dzie si\u0119 w sobot\u0119 2 sierpnia 2025 r. o godz. 900 Ga\u0142\u0119zie, bez chwast\u00f3w i \u015bmieci, mo\u017cna sk\u0142ada\u0107 na terenie hydroforni w pi\u0105tki, soboty i niedziele od dnia 13 lipca 2025 r. Prosimy nie przerzuca\u0107 ga\u0142\u0119zi przez ogrodzenie. \u00a0\u00a0\u00a0\u00a0\u00a0\u00a0\u00a0 Zarz\u0105d ROD S\u0142oneczna Polana\u00a0 \u00a0 \u00a0 \u00a0\u00a0<\/p>\n","protected":false},"author":2,"featured_media":399,"comment_status":"closed","ping_status":"open","sticky":false,"template":"","format":"standard","meta":{"footnotes":""},"categories":[1],"tags":[],"yoast_head":"<!-- This site is optimized with the Yoast SEO plugin v22.6 - https:\/\/yoast.com\/wordpress\/plugins\/seo\/ -->\n<title>Mielenie ga\u0142\u0119zi - OGRODY DZIA\u0141KOWE S\u0141ONECZNA POLANA PAWLIKOWICE<\/title>\n<meta name=\"robots\" content=\"index, follow, max-snippet:-1, max-image-preview:large, max-video-preview:-1\" \/>\n<link rel=\"canonical\" href=\"https:\/\/rodslonecznapolana.pl\/index.php\/2025\/07\/11\/mielenie-galezi-2\/\" \/>\n<meta property=\"og:locale\" content=\"pl_PL\" \/>\n<meta property=\"og:type\" content=\"article\" \/>\n<meta property=\"og:title\" content=\"Mielenie ga\u0142\u0119zi - OGRODY DZIA\u0141KOWE S\u0141ONECZNA POLANA PAWLIKOWICE\" \/>\n<meta property=\"og:description\" content=\"Drugie mielenie ga\u0142\u0119zi odb\u0119dzie si\u0119 w sobot\u0119 2 sierpnia 2025 r. o godz. 900 Ga\u0142\u0119zie, bez chwast\u00f3w i \u015bmieci, mo\u017cna sk\u0142ada\u0107 na terenie hydroforni w pi\u0105tki, soboty i niedziele od dnia 13 lipca 2025 r. Prosimy nie przerzuca\u0107 ga\u0142\u0119zi przez ogrodzenie. \u00a0\u00a0\u00a0\u00a0\u00a0\u00a0\u00a0 Zarz\u0105d ROD S\u0142oneczna Polana\u00a0 \u00a0 \u00a0 \u00a0\u00a0\" \/>\n<meta property=\"og:url\" content=\"https:\/\/rodslonecznapolana.pl\/index.php\/2025\/07\/11\/mielenie-galezi-2\/\" \/>\n<meta property=\"og:site_name\" content=\"OGRODY DZIA\u0141KOWE S\u0141ONECZNA POLANA PAWLIKOWICE\" \/>\n<meta property=\"article:published_time\" content=\"2025-07-11T10:44:58+00:00\" \/>\n<meta property=\"og:image\" content=\"http:\/\/rodslonecznapolana.pl\/wp-content\/uploads\/2017\/08\/3-9.jpg\" \/>\n\t<meta property=\"og:image:width\" content=\"1152\" \/>\n\t<meta property=\"og:image:height\" content=\"768\" \/>\n\t<meta property=\"og:image:type\" content=\"image\/jpeg\" \/>\n<meta name=\"author\" content=\"slonecznapolanarod@gmail.com\" \/>\n<meta name=\"twitter:card\" content=\"summary_large_image\" \/>\n<meta name=\"twitter:label1\" content=\"Napisane przez\" \/>\n\t<meta name=\"twitter:data1\" content=\"slonecznapolanarod@gmail.com\" \/>\n\t<meta name=\"twitter:label2\" content=\"Szacowany czas czytania\" \/>\n\t<meta name=\"twitter:data2\" content=\"1 minuta\" \/>\n<script type=\"application\/ld+json\" class=\"yoast-schema-graph\">{\"@context\":\"https:\/\/schema.org\",\"@graph\":[{\"@type\":\"WebPage\",\"@id\":\"https:\/\/rodslonecznapolana.pl\/index.php\/2025\/07\/11\/mielenie-galezi-2\/\",\"url\":\"https:\/\/rodslonecznapolana.pl\/index.php\/2025\/07\/11\/mielenie-galezi-2\/\",\"name\":\"Mielenie ga\u0142\u0119zi - OGRODY DZIA\u0141KOWE S\u0141ONECZNA POLANA PAWLIKOWICE\",\"isPartOf\":{\"@id\":\"https:\/\/rodslonecznapolana.pl\/#website\"},\"primaryImageOfPage\":{\"@id\":\"https:\/\/rodslonecznapolana.pl\/index.php\/2025\/07\/11\/mielenie-galezi-2\/#primaryimage\"},\"image\":{\"@id\":\"https:\/\/rodslonecznapolana.pl\/index.php\/2025\/07\/11\/mielenie-galezi-2\/#primaryimage\"},\"thumbnailUrl\":\"https:\/\/rodslonecznapolana.pl\/wp-content\/uploads\/2017\/08\/3-9.jpg\",\"datePublished\":\"2025-07-11T10:44:58+00:00\",\"dateModified\":\"2025-07-11T10:44:58+00:00\",\"author\":{\"@id\":\"https:\/\/rodslonecznapolana.pl\/#\/schema\/person\/e1f11991694e9fa7757769079fa1c460\"},\"breadcrumb\":{\"@id\":\"https:\/\/rodslonecznapolana.pl\/index.php\/2025\/07\/11\/mielenie-galezi-2\/#breadcrumb\"},\"inLanguage\":\"pl-PL\",\"potentialAction\":[{\"@type\":\"ReadAction\",\"target\":[\"https:\/\/rodslonecznapolana.pl\/index.php\/2025\/07\/11\/mielenie-galezi-2\/\"]}]},{\"@type\":\"ImageObject\",\"inLanguage\":\"pl-PL\",\"@id\":\"https:\/\/rodslonecznapolana.pl\/index.php\/2025\/07\/11\/mielenie-galezi-2\/#primaryimage\",\"url\":\"https:\/\/rodslonecznapolana.pl\/wp-content\/uploads\/2017\/08\/3-9.jpg\",\"contentUrl\":\"https:\/\/rodslonecznapolana.pl\/wp-content\/uploads\/2017\/08\/3-9.jpg\",\"width\":1152,\"height\":768},{\"@type\":\"BreadcrumbList\",\"@id\":\"https:\/\/rodslonecznapolana.pl\/index.php\/2025\/07\/11\/mielenie-galezi-2\/#breadcrumb\",\"itemListElement\":[{\"@type\":\"ListItem\",\"position\":1,\"name\":\"Strona g\u0142\u00f3wna\",\"item\":\"https:\/\/rodslonecznapolana.pl\/\"},{\"@type\":\"ListItem\",\"position\":2,\"name\":\"Mielenie ga\u0142\u0119zi\"}]},{\"@type\":\"WebSite\",\"@id\":\"https:\/\/rodslonecznapolana.pl\/#website\",\"url\":\"https:\/\/rodslonecznapolana.pl\/\",\"name\":\"OGRODY DZIA\u0141KOWE S\u0141ONECZNA POLANA PAWLIKOWICE\",\"description\":\"\",\"potentialAction\":[{\"@type\":\"SearchAction\",\"target\":{\"@type\":\"EntryPoint\",\"urlTemplate\":\"https:\/\/rodslonecznapolana.pl\/?s={search_term_string}\"},\"query-input\":\"required name=search_term_string\"}],\"inLanguage\":\"pl-PL\"},{\"@type\":\"Person\",\"@id\":\"https:\/\/rodslonecznapolana.pl\/#\/schema\/person\/e1f11991694e9fa7757769079fa1c460\",\"name\":\"slonecznapolanarod@gmail.com\",\"image\":{\"@type\":\"ImageObject\",\"inLanguage\":\"pl-PL\",\"@id\":\"https:\/\/rodslonecznapolana.pl\/#\/schema\/person\/image\/\",\"url\":\"https:\/\/secure.gravatar.com\/avatar\/4e1b7da00bbbef286abc5d10e669a6f0?s=96&d=mm&r=g\",\"contentUrl\":\"https:\/\/secure.gravatar.com\/avatar\/4e1b7da00bbbef286abc5d10e669a6f0?s=96&d=mm&r=g\",\"caption\":\"slonecznapolanarod@gmail.com\"},\"url\":\"https:\/\/rodslonecznapolana.pl\/index.php\/author\/slonecznapolanarodgmail-com\/\"}]}<\/script>\n<!-- \/ Yoast SEO plugin. -->","yoast_head_json":{"title":"Mielenie ga\u0142\u0119zi - OGRODY DZIA\u0141KOWE S\u0141ONECZNA POLANA PAWLIKOWICE","robots":{"index":"index","follow":"follow","max-snippet":"max-snippet:-1","max-image-preview":"max-image-preview:large","max-video-preview":"max-video-preview:-1"},"canonical":"https:\/\/rodslonecznapolana.pl\/index.php\/2025\/07\/11\/mielenie-galezi-2\/","og_locale":"pl_PL","og_type":"article","og_title":"Mielenie ga\u0142\u0119zi - OGRODY DZIA\u0141KOWE S\u0141ONECZNA POLANA PAWLIKOWICE","og_description":"Drugie mielenie ga\u0142\u0119zi odb\u0119dzie si\u0119 w sobot\u0119 2 sierpnia 2025 r. o godz. 900 Ga\u0142\u0119zie, bez chwast\u00f3w i \u015bmieci, mo\u017cna sk\u0142ada\u0107 na terenie hydroforni w pi\u0105tki, soboty i niedziele od dnia 13 lipca 2025 r. Prosimy nie przerzuca\u0107 ga\u0142\u0119zi przez ogrodzenie. \u00a0\u00a0\u00a0\u00a0\u00a0\u00a0\u00a0 Zarz\u0105d ROD S\u0142oneczna Polana\u00a0 \u00a0 \u00a0 \u00a0\u00a0","og_url":"https:\/\/rodslonecznapolana.pl\/index.php\/2025\/07\/11\/mielenie-galezi-2\/","og_site_name":"OGRODY DZIA\u0141KOWE S\u0141ONECZNA POLANA PAWLIKOWICE","article_published_time":"2025-07-11T10:44:58+00:00","og_image":[{"width":1152,"height":768,"url":"http:\/\/rodslonecznapolana.pl\/wp-content\/uploads\/2017\/08\/3-9.jpg","type":"image\/jpeg"}],"author":"slonecznapolanarod@gmail.com","twitter_card":"summary_large_image","twitter_misc":{"Napisane przez":"slonecznapolanarod@gmail.com","Szacowany czas czytania":"1 minuta"},"schema":{"@context":"https:\/\/schema.org","@graph":[{"@type":"WebPage","@id":"https:\/\/rodslonecznapolana.pl\/index.php\/2025\/07\/11\/mielenie-galezi-2\/","url":"https:\/\/rodslonecznapolana.pl\/index.php\/2025\/07\/11\/mielenie-galezi-2\/","name":"Mielenie ga\u0142\u0119zi - OGRODY DZIA\u0141KOWE S\u0141ONECZNA POLANA PAWLIKOWICE","isPartOf":{"@id":"https:\/\/rodslonecznapolana.pl\/#website"},"primaryImageOfPage":{"@id":"https:\/\/rodslonecznapolana.pl\/index.php\/2025\/07\/11\/mielenie-galezi-2\/#primaryimage"},"image":{"@id":"https:\/\/rodslonecznapolana.pl\/index.php\/2025\/07\/11\/mielenie-galezi-2\/#primaryimage"},"thumbnailUrl":"https:\/\/rodslonecznapolana.pl\/wp-content\/uploads\/2017\/08\/3-9.jpg","datePublished":"2025-07-11T10:44:58+00:00","dateModified":"2025-07-11T10:44:58+00:00","author":{"@id":"https:\/\/rodslonecznapolana.pl\/#\/schema\/person\/e1f11991694e9fa7757769079fa1c460"},"breadcrumb":{"@id":"https:\/\/rodslonecznapolana.pl\/index.php\/2025\/07\/11\/mielenie-galezi-2\/#breadcrumb"},"inLanguage":"pl-PL","potentialAction":[{"@type":"ReadAction","target":["https:\/\/rodslonecznapolana.pl\/index.php\/2025\/07\/11\/mielenie-galezi-2\/"]}]},{"@type":"ImageObject","inLanguage":"pl-PL","@id":"https:\/\/rodslonecznapolana.pl\/index.php\/2025\/07\/11\/mielenie-galezi-2\/#primaryimage","url":"https:\/\/rodslonecznapolana.pl\/wp-content\/uploads\/2017\/08\/3-9.jpg","contentUrl":"https:\/\/rodslonecznapolana.pl\/wp-content\/uploads\/2017\/08\/3-9.jpg","width":1152,"height":768},{"@type":"BreadcrumbList","@id":"https:\/\/rodslonecznapolana.pl\/index.php\/2025\/07\/11\/mielenie-galezi-2\/#breadcrumb","itemListElement":[{"@type":"ListItem","position":1,"name":"Strona g\u0142\u00f3wna","item":"https:\/\/rodslonecznapolana.pl\/"},{"@type":"ListItem","position":2,"name":"Mielenie ga\u0142\u0119zi"}]},{"@type":"WebSite","@id":"https:\/\/rodslonecznapolana.pl\/#website","url":"https:\/\/rodslonecznapolana.pl\/","name":"OGRODY DZIA\u0141KOWE S\u0141ONECZNA POLANA PAWLIKOWICE","description":"","potentialAction":[{"@type":"SearchAction","target":{"@type":"EntryPoint","urlTemplate":"https:\/\/rodslonecznapolana.pl\/?s={search_term_string}"},"query-input":"required name=search_term_string"}],"inLanguage":"pl-PL"},{"@type":"Person","@id":"https:\/\/rodslonecznapolana.pl\/#\/schema\/person\/e1f11991694e9fa7757769079fa1c460","name":"slonecznapolanarod@gmail.com","image":{"@type":"ImageObject","inLanguage":"pl-PL","@id":"https:\/\/rodslonecznapolana.pl\/#\/schema\/person\/image\/","url":"https:\/\/secure.gravatar.com\/avatar\/4e1b7da00bbbef286abc5d10e669a6f0?s=96&d=mm&r=g","contentUrl":"https:\/\/secure.gravatar.com\/avatar\/4e1b7da00bbbef286abc5d10e669a6f0?s=96&d=mm&r=g","caption":"slonecznapolanarod@gmail.com"},"url":"https:\/\/rodslonecznapolana.pl\/index.php\/author\/slonecznapolanarodgmail-com\/"}]}},"_links":{"self":[{"href":"https:\/\/rodslonecznapolana.pl\/index.php\/wp-json\/wp\/v2\/posts\/1932"}],"collection":[{"href":"https:\/\/rodslonecznapolana.pl\/index.php\/wp-json\/wp\/v2\/posts"}],"about":[{"href":"https:\/\/rodslonecznapolana.pl\/index.php\/wp-json\/wp\/v2\/types\/post"}],"author":[{"embeddable":true,"href":"https:\/\/rodslonecznapolana.pl\/index.php\/wp-json\/wp\/v2\/users\/2"}],"replies":[{"embeddable":true,"href":"https:\/\/rodslonecznapolana.pl\/index.php\/wp-json\/wp\/v2\/comments?post=1932"}],"version-history":[{"count":1,"href":"https:\/\/rodslonecznapolana.pl\/index.php\/wp-json\/wp\/v2\/posts\/1932\/revisions"}],"predecessor-version":[{"id":1933,"href":"https:\/\/rodslonecznapolana.pl\/index.php\/wp-json\/wp\/v2\/posts\/1932\/revisions\/1933"}],"wp:featuredmedia":[{"embeddable":true,"href":"https:\/\/rodslonecznapolana.pl\/index.php\/wp-json\/wp\/v2\/media\/399"}],"wp:attachment":[{"href":"https:\/\/rodslonecznapolana.pl\/index.php\/wp-json\/wp\/v2\/media?parent=1932"}],"wp:term":[{"taxonomy":"category","embeddable":true,"href":"https:\/\/rodslonecznapolana.pl\/index.php\/wp-json\/wp\/v2\/categories?post=1932"},{"taxonomy":"post_tag","embeddable":true,"href":"https:\/\/rodslonecznapolana.pl\/index.php\/wp-json\/wp\/v2\/tags?post=1932"}],"curies":[{"name":"wp","href":"https:\/\/api.w.org\/{rel}","templated":true}]}}