{"id":1937,"date":"2025-08-04T08:43:19","date_gmt":"2025-08-04T06:43:19","guid":{"rendered":"https:\/\/rodslonecznapolana.pl\/?p=1937"},"modified":"2025-08-04T08:43:19","modified_gmt":"2025-08-04T06:43:19","slug":"zaproszenie-na-biesiade","status":"publish","type":"post","link":"https:\/\/rodslonecznapolana.pl\/index.php\/2025\/08\/04\/zaproszenie-na-biesiade\/","title":{"rendered":"ZAPROSZENIE NA BIESIAD\u0118"},"content":{"rendered":"\n<h1 style=\"text-align: center;\"><strong>Z A P R O S Z E N I E<\/strong><\/h1>\n<p>\u00a0<\/p>\n<h1 style=\"text-align: center;\"><span style=\"background-color: #ccffcc; color: #993366;\"><strong>Jak to zwykle przecie\u017c bywa,<img loading=\"lazy\" decoding=\"async\" class=\"wp-image-437 alignright\" src=\"http:\/\/rodslonecznapolana.pl\/wp-content\/uploads\/2016\/08\/7788069dd79649899916220168b413e4.png\" alt=\"\" width=\"115\" height=\"115\" srcset=\"https:\/\/rodslonecznapolana.pl\/wp-content\/uploads\/2016\/08\/7788069dd79649899916220168b413e4.png 289w, https:\/\/rodslonecznapolana.pl\/wp-content\/uploads\/2016\/08\/7788069dd79649899916220168b413e4-150x150.png 150w\" sizes=\"(max-width: 115px) 100vw, 115px\" \/><\/strong><\/span><\/h1>\n<h1 style=\"text-align: center;\"><span style=\"background-color: #ccffcc; color: #993366;\"><strong>w sierpniu dzionka nam ubywa,<\/strong><\/span><\/h1>\n<h1 style=\"text-align: center;\"><span style=\"background-color: #ccffcc; color: #993366;\"><strong>ale za to nocki wi\u0119cej,<\/strong><\/span><\/h1>\n<h1 style=\"text-align: center;\"><span style=\"background-color: #ccffcc; color: #993366;\"><strong><img loading=\"lazy\" decoding=\"async\" class=\"wp-image-437 alignleft\" src=\"http:\/\/rodslonecznapolana.pl\/wp-content\/uploads\/2016\/08\/7788069dd79649899916220168b413e4.png\" alt=\"\" width=\"96\" height=\"96\" srcset=\"https:\/\/rodslonecznapolana.pl\/wp-content\/uploads\/2016\/08\/7788069dd79649899916220168b413e4.png 289w, https:\/\/rodslonecznapolana.pl\/wp-content\/uploads\/2016\/08\/7788069dd79649899916220168b413e4-150x150.png 150w\" sizes=\"(max-width: 96px) 100vw, 96px\" \/>wi\u0119c bawimy si\u0119 te\u017c ch\u0119tniej.<\/strong><\/span><\/h1>\n<h1 style=\"text-align: center;\"><span style=\"background-color: #ccffcc; color: #993366;\"><strong>Zatem wszystkich zapraszamy,\u00a0<\/strong><\/span><\/h1>\n<h1 style=\"text-align: center;\"><span style=\"background-color: #ccffcc; color: #993366;\"><strong><img loading=\"lazy\" decoding=\"async\" class=\"wp-image-437 alignright\" src=\"http:\/\/rodslonecznapolana.pl\/wp-content\/uploads\/2016\/08\/7788069dd79649899916220168b413e4.png\" alt=\"\" width=\"115\" height=\"115\" srcset=\"https:\/\/rodslonecznapolana.pl\/wp-content\/uploads\/2016\/08\/7788069dd79649899916220168b413e4.png 289w, https:\/\/rodslonecznapolana.pl\/wp-content\/uploads\/2016\/08\/7788069dd79649899916220168b413e4-150x150.png 150w\" sizes=\"(max-width: 115px) 100vw, 115px\" \/><\/strong><\/span><\/h1>\n<h1 style=\"text-align: center;\"><span style=\"background-color: #ccffcc; color: #993366;\"><strong>na polan\u0119 do zabawy.<\/strong><\/span><\/h1>\n<h1 style=\"text-align: center;\"><span style=\"background-color: #ccffcc; color: #993366;\"><strong>I na z\u0105bek te\u017c co\u015b b\u0119dzie,<\/strong><\/span><\/h1>\n<h1 style=\"text-align: center;\"><span style=\"background-color: #ccffcc; color: #993366;\"><strong><img loading=\"lazy\" decoding=\"async\" class=\"wp-image-437 alignleft\" src=\"http:\/\/rodslonecznapolana.pl\/wp-content\/uploads\/2016\/08\/7788069dd79649899916220168b413e4.png\" alt=\"\" width=\"96\" height=\"96\" srcset=\"https:\/\/rodslonecznapolana.pl\/wp-content\/uploads\/2016\/08\/7788069dd79649899916220168b413e4.png 289w, https:\/\/rodslonecznapolana.pl\/wp-content\/uploads\/2016\/08\/7788069dd79649899916220168b413e4-150x150.png 150w\" sizes=\"(max-width: 96px) 100vw, 96px\" \/><\/strong><\/span><\/h1>\n<h1 style=\"text-align: center;\"><span style=\"background-color: #ccffcc; color: #993366;\"><strong>co\u015b pysznego nie ma sprawy,<\/strong><\/span><\/h1>\n<h1 style=\"text-align: center;\"><span style=\"background-color: #ccffcc; color: #993366;\"><strong>i ognisko nam zap\u0142onie,<\/strong><\/span><\/h1>\n<h1 style=\"text-align: center;\"><span style=\"color: #993366;\"><strong><span style=\"background-color: #ccffcc;\">mi\u0142o b\u0119dzie w licznym gronie<\/span>.<\/strong><\/span><\/h1>\n<p>\u00a0<\/p>\n<h1 style=\"text-align: center;\"><span style=\"color: #000080; background-color: #ffff00;\"><strong>SOBOTA<\/strong> <strong>23 sierpnia 2025r., <\/strong><strong>godz. 18<sup>00<\/sup><\/strong><\/span><\/h1>\n<p>\u00a0<\/p>\n<p>\u00a0<\/p>\n\n\n","protected":false},"excerpt":{"rendered":"<p>Z A P R O S Z E N I E \u00a0 Jak to zwykle przecie\u017c bywa, w sierpniu dzionka nam ubywa, ale za to nocki wi\u0119cej, wi\u0119c bawimy si\u0119 te\u017c ch\u0119tniej. Zatem wszystkich zapraszamy,\u00a0 na polan\u0119 do zabawy. I na z\u0105bek te\u017c co\u015b b\u0119dzie, co\u015b pysznego nie ma sprawy, i ognisko nam zap\u0142onie, mi\u0142o [&hellip;]<\/p>\n","protected":false},"author":2,"featured_media":131,"comment_status":"closed","ping_status":"open","sticky":false,"template":"","format":"standard","meta":{"footnotes":""},"categories":[1],"tags":[],"yoast_head":"<!-- This site is optimized with the Yoast SEO plugin v22.6 - https:\/\/yoast.com\/wordpress\/plugins\/seo\/ -->\n<title>ZAPROSZENIE NA BIESIAD\u0118 - OGRODY DZIA\u0141KOWE S\u0141ONECZNA POLANA PAWLIKOWICE<\/title>\n<meta name=\"robots\" content=\"index, follow, max-snippet:-1, max-image-preview:large, max-video-preview:-1\" \/>\n<link rel=\"canonical\" href=\"https:\/\/rodslonecznapolana.pl\/index.php\/2025\/08\/04\/zaproszenie-na-biesiade\/\" \/>\n<meta property=\"og:locale\" content=\"pl_PL\" \/>\n<meta property=\"og:type\" content=\"article\" \/>\n<meta property=\"og:title\" content=\"ZAPROSZENIE NA BIESIAD\u0118 - OGRODY DZIA\u0141KOWE S\u0141ONECZNA POLANA PAWLIKOWICE\" \/>\n<meta property=\"og:description\" content=\"Z A P R O S Z E N I E \u00a0 Jak to zwykle przecie\u017c bywa, w sierpniu dzionka nam ubywa, ale za to nocki wi\u0119cej, wi\u0119c bawimy si\u0119 te\u017c ch\u0119tniej. Zatem wszystkich zapraszamy,\u00a0 na polan\u0119 do zabawy. I na z\u0105bek te\u017c co\u015b b\u0119dzie, co\u015b pysznego nie ma sprawy, i ognisko nam zap\u0142onie, mi\u0142o [&hellip;]\" \/>\n<meta property=\"og:url\" content=\"https:\/\/rodslonecznapolana.pl\/index.php\/2025\/08\/04\/zaproszenie-na-biesiade\/\" \/>\n<meta property=\"og:site_name\" content=\"OGRODY DZIA\u0141KOWE S\u0141ONECZNA POLANA PAWLIKOWICE\" \/>\n<meta property=\"article:published_time\" content=\"2025-08-04T06:43:19+00:00\" \/>\n<meta property=\"og:image\" content=\"http:\/\/rodslonecznapolana.pl\/wp-content\/uploads\/2017\/08\/3-1.jpg\" \/>\n\t<meta property=\"og:image:width\" content=\"576\" \/>\n\t<meta property=\"og:image:height\" content=\"768\" \/>\n\t<meta property=\"og:image:type\" content=\"image\/jpeg\" \/>\n<meta name=\"author\" content=\"slonecznapolanarod@gmail.com\" \/>\n<meta name=\"twitter:card\" content=\"summary_large_image\" \/>\n<meta name=\"twitter:label1\" content=\"Napisane przez\" \/>\n\t<meta name=\"twitter:data1\" content=\"slonecznapolanarod@gmail.com\" \/>\n\t<meta name=\"twitter:label2\" content=\"Szacowany czas czytania\" \/>\n\t<meta name=\"twitter:data2\" content=\"2 minuty\" \/>\n<script type=\"application\/ld+json\" class=\"yoast-schema-graph\">{\"@context\":\"https:\/\/schema.org\",\"@graph\":[{\"@type\":\"WebPage\",\"@id\":\"https:\/\/rodslonecznapolana.pl\/index.php\/2025\/08\/04\/zaproszenie-na-biesiade\/\",\"url\":\"https:\/\/rodslonecznapolana.pl\/index.php\/2025\/08\/04\/zaproszenie-na-biesiade\/\",\"name\":\"ZAPROSZENIE NA BIESIAD\u0118 - OGRODY DZIA\u0141KOWE S\u0141ONECZNA POLANA PAWLIKOWICE\",\"isPartOf\":{\"@id\":\"https:\/\/rodslonecznapolana.pl\/#website\"},\"primaryImageOfPage\":{\"@id\":\"https:\/\/rodslonecznapolana.pl\/index.php\/2025\/08\/04\/zaproszenie-na-biesiade\/#primaryimage\"},\"image\":{\"@id\":\"https:\/\/rodslonecznapolana.pl\/index.php\/2025\/08\/04\/zaproszenie-na-biesiade\/#primaryimage\"},\"thumbnailUrl\":\"https:\/\/rodslonecznapolana.pl\/wp-content\/uploads\/2017\/08\/3-1.jpg\",\"datePublished\":\"2025-08-04T06:43:19+00:00\",\"dateModified\":\"2025-08-04T06:43:19+00:00\",\"author\":{\"@id\":\"https:\/\/rodslonecznapolana.pl\/#\/schema\/person\/e1f11991694e9fa7757769079fa1c460\"},\"breadcrumb\":{\"@id\":\"https:\/\/rodslonecznapolana.pl\/index.php\/2025\/08\/04\/zaproszenie-na-biesiade\/#breadcrumb\"},\"inLanguage\":\"pl-PL\",\"potentialAction\":[{\"@type\":\"ReadAction\",\"target\":[\"https:\/\/rodslonecznapolana.pl\/index.php\/2025\/08\/04\/zaproszenie-na-biesiade\/\"]}]},{\"@type\":\"ImageObject\",\"inLanguage\":\"pl-PL\",\"@id\":\"https:\/\/rodslonecznapolana.pl\/index.php\/2025\/08\/04\/zaproszenie-na-biesiade\/#primaryimage\",\"url\":\"https:\/\/rodslonecznapolana.pl\/wp-content\/uploads\/2017\/08\/3-1.jpg\",\"contentUrl\":\"https:\/\/rodslonecznapolana.pl\/wp-content\/uploads\/2017\/08\/3-1.jpg\",\"width\":576,\"height\":768},{\"@type\":\"BreadcrumbList\",\"@id\":\"https:\/\/rodslonecznapolana.pl\/index.php\/2025\/08\/04\/zaproszenie-na-biesiade\/#breadcrumb\",\"itemListElement\":[{\"@type\":\"ListItem\",\"position\":1,\"name\":\"Strona g\u0142\u00f3wna\",\"item\":\"https:\/\/rodslonecznapolana.pl\/\"},{\"@type\":\"ListItem\",\"position\":2,\"name\":\"ZAPROSZENIE NA BIESIAD\u0118\"}]},{\"@type\":\"WebSite\",\"@id\":\"https:\/\/rodslonecznapolana.pl\/#website\",\"url\":\"https:\/\/rodslonecznapolana.pl\/\",\"name\":\"OGRODY DZIA\u0141KOWE S\u0141ONECZNA POLANA PAWLIKOWICE\",\"description\":\"\",\"potentialAction\":[{\"@type\":\"SearchAction\",\"target\":{\"@type\":\"EntryPoint\",\"urlTemplate\":\"https:\/\/rodslonecznapolana.pl\/?s={search_term_string}\"},\"query-input\":\"required name=search_term_string\"}],\"inLanguage\":\"pl-PL\"},{\"@type\":\"Person\",\"@id\":\"https:\/\/rodslonecznapolana.pl\/#\/schema\/person\/e1f11991694e9fa7757769079fa1c460\",\"name\":\"slonecznapolanarod@gmail.com\",\"image\":{\"@type\":\"ImageObject\",\"inLanguage\":\"pl-PL\",\"@id\":\"https:\/\/rodslonecznapolana.pl\/#\/schema\/person\/image\/\",\"url\":\"https:\/\/secure.gravatar.com\/avatar\/4e1b7da00bbbef286abc5d10e669a6f0?s=96&d=mm&r=g\",\"contentUrl\":\"https:\/\/secure.gravatar.com\/avatar\/4e1b7da00bbbef286abc5d10e669a6f0?s=96&d=mm&r=g\",\"caption\":\"slonecznapolanarod@gmail.com\"},\"url\":\"https:\/\/rodslonecznapolana.pl\/index.php\/author\/slonecznapolanarodgmail-com\/\"}]}<\/script>\n<!-- \/ Yoast SEO plugin. -->","yoast_head_json":{"title":"ZAPROSZENIE NA BIESIAD\u0118 - OGRODY DZIA\u0141KOWE S\u0141ONECZNA POLANA PAWLIKOWICE","robots":{"index":"index","follow":"follow","max-snippet":"max-snippet:-1","max-image-preview":"max-image-preview:large","max-video-preview":"max-video-preview:-1"},"canonical":"https:\/\/rodslonecznapolana.pl\/index.php\/2025\/08\/04\/zaproszenie-na-biesiade\/","og_locale":"pl_PL","og_type":"article","og_title":"ZAPROSZENIE NA BIESIAD\u0118 - OGRODY DZIA\u0141KOWE S\u0141ONECZNA POLANA PAWLIKOWICE","og_description":"Z A P R O S Z E N I E \u00a0 Jak to zwykle przecie\u017c bywa, w sierpniu dzionka nam ubywa, ale za to nocki wi\u0119cej, wi\u0119c bawimy si\u0119 te\u017c ch\u0119tniej. Zatem wszystkich zapraszamy,\u00a0 na polan\u0119 do zabawy. I na z\u0105bek te\u017c co\u015b b\u0119dzie, co\u015b pysznego nie ma sprawy, i ognisko nam zap\u0142onie, mi\u0142o [&hellip;]","og_url":"https:\/\/rodslonecznapolana.pl\/index.php\/2025\/08\/04\/zaproszenie-na-biesiade\/","og_site_name":"OGRODY DZIA\u0141KOWE S\u0141ONECZNA POLANA PAWLIKOWICE","article_published_time":"2025-08-04T06:43:19+00:00","og_image":[{"width":576,"height":768,"url":"http:\/\/rodslonecznapolana.pl\/wp-content\/uploads\/2017\/08\/3-1.jpg","type":"image\/jpeg"}],"author":"slonecznapolanarod@gmail.com","twitter_card":"summary_large_image","twitter_misc":{"Napisane przez":"slonecznapolanarod@gmail.com","Szacowany czas czytania":"2 minuty"},"schema":{"@context":"https:\/\/schema.org","@graph":[{"@type":"WebPage","@id":"https:\/\/rodslonecznapolana.pl\/index.php\/2025\/08\/04\/zaproszenie-na-biesiade\/","url":"https:\/\/rodslonecznapolana.pl\/index.php\/2025\/08\/04\/zaproszenie-na-biesiade\/","name":"ZAPROSZENIE NA BIESIAD\u0118 - OGRODY DZIA\u0141KOWE S\u0141ONECZNA POLANA PAWLIKOWICE","isPartOf":{"@id":"https:\/\/rodslonecznapolana.pl\/#website"},"primaryImageOfPage":{"@id":"https:\/\/rodslonecznapolana.pl\/index.php\/2025\/08\/04\/zaproszenie-na-biesiade\/#primaryimage"},"image":{"@id":"https:\/\/rodslonecznapolana.pl\/index.php\/2025\/08\/04\/zaproszenie-na-biesiade\/#primaryimage"},"thumbnailUrl":"https:\/\/rodslonecznapolana.pl\/wp-content\/uploads\/2017\/08\/3-1.jpg","datePublished":"2025-08-04T06:43:19+00:00","dateModified":"2025-08-04T06:43:19+00:00","author":{"@id":"https:\/\/rodslonecznapolana.pl\/#\/schema\/person\/e1f11991694e9fa7757769079fa1c460"},"breadcrumb":{"@id":"https:\/\/rodslonecznapolana.pl\/index.php\/2025\/08\/04\/zaproszenie-na-biesiade\/#breadcrumb"},"inLanguage":"pl-PL","potentialAction":[{"@type":"ReadAction","target":["https:\/\/rodslonecznapolana.pl\/index.php\/2025\/08\/04\/zaproszenie-na-biesiade\/"]}]},{"@type":"ImageObject","inLanguage":"pl-PL","@id":"https:\/\/rodslonecznapolana.pl\/index.php\/2025\/08\/04\/zaproszenie-na-biesiade\/#primaryimage","url":"https:\/\/rodslonecznapolana.pl\/wp-content\/uploads\/2017\/08\/3-1.jpg","contentUrl":"https:\/\/rodslonecznapolana.pl\/wp-content\/uploads\/2017\/08\/3-1.jpg","width":576,"height":768},{"@type":"BreadcrumbList","@id":"https:\/\/rodslonecznapolana.pl\/index.php\/2025\/08\/04\/zaproszenie-na-biesiade\/#breadcrumb","itemListElement":[{"@type":"ListItem","position":1,"name":"Strona g\u0142\u00f3wna","item":"https:\/\/rodslonecznapolana.pl\/"},{"@type":"ListItem","position":2,"name":"ZAPROSZENIE NA BIESIAD\u0118"}]},{"@type":"WebSite","@id":"https:\/\/rodslonecznapolana.pl\/#website","url":"https:\/\/rodslonecznapolana.pl\/","name":"OGRODY DZIA\u0141KOWE S\u0141ONECZNA POLANA PAWLIKOWICE","description":"","potentialAction":[{"@type":"SearchAction","target":{"@type":"EntryPoint","urlTemplate":"https:\/\/rodslonecznapolana.pl\/?s={search_term_string}"},"query-input":"required name=search_term_string"}],"inLanguage":"pl-PL"},{"@type":"Person","@id":"https:\/\/rodslonecznapolana.pl\/#\/schema\/person\/e1f11991694e9fa7757769079fa1c460","name":"slonecznapolanarod@gmail.com","image":{"@type":"ImageObject","inLanguage":"pl-PL","@id":"https:\/\/rodslonecznapolana.pl\/#\/schema\/person\/image\/","url":"https:\/\/secure.gravatar.com\/avatar\/4e1b7da00bbbef286abc5d10e669a6f0?s=96&d=mm&r=g","contentUrl":"https:\/\/secure.gravatar.com\/avatar\/4e1b7da00bbbef286abc5d10e669a6f0?s=96&d=mm&r=g","caption":"slonecznapolanarod@gmail.com"},"url":"https:\/\/rodslonecznapolana.pl\/index.php\/author\/slonecznapolanarodgmail-com\/"}]}},"_links":{"self":[{"href":"https:\/\/rodslonecznapolana.pl\/index.php\/wp-json\/wp\/v2\/posts\/1937"}],"collection":[{"href":"https:\/\/rodslonecznapolana.pl\/index.php\/wp-json\/wp\/v2\/posts"}],"about":[{"href":"https:\/\/rodslonecznapolana.pl\/index.php\/wp-json\/wp\/v2\/types\/post"}],"author":[{"embeddable":true,"href":"https:\/\/rodslonecznapolana.pl\/index.php\/wp-json\/wp\/v2\/users\/2"}],"replies":[{"embeddable":true,"href":"https:\/\/rodslonecznapolana.pl\/index.php\/wp-json\/wp\/v2\/comments?post=1937"}],"version-history":[{"count":2,"href":"https:\/\/rodslonecznapolana.pl\/index.php\/wp-json\/wp\/v2\/posts\/1937\/revisions"}],"predecessor-version":[{"id":1939,"href":"https:\/\/rodslonecznapolana.pl\/index.php\/wp-json\/wp\/v2\/posts\/1937\/revisions\/1939"}],"wp:featuredmedia":[{"embeddable":true,"href":"https:\/\/rodslonecznapolana.pl\/index.php\/wp-json\/wp\/v2\/media\/131"}],"wp:attachment":[{"href":"https:\/\/rodslonecznapolana.pl\/index.php\/wp-json\/wp\/v2\/media?parent=1937"}],"wp:term":[{"taxonomy":"category","embeddable":true,"href":"https:\/\/rodslonecznapolana.pl\/index.php\/wp-json\/wp\/v2\/categories?post=1937"},{"taxonomy":"post_tag","embeddable":true,"href":"https:\/\/rodslonecznapolana.pl\/index.php\/wp-json\/wp\/v2\/tags?post=1937"}],"curies":[{"name":"wp","href":"https:\/\/api.w.org\/{rel}","templated":true}]}}