{"id":1957,"date":"2025-10-12T20:44:00","date_gmt":"2025-10-12T18:44:00","guid":{"rendered":"https:\/\/rodslonecznapolana.pl\/?p=1957"},"modified":"2025-10-12T20:52:47","modified_gmt":"2025-10-12T18:52:47","slug":"rozliczenie-dotacji","status":"publish","type":"post","link":"https:\/\/rodslonecznapolana.pl\/index.php\/2025\/10\/12\/rozliczenie-dotacji\/","title":{"rendered":"Rozliczenie dotacji"},"content":{"rendered":"\n<p><img loading=\"lazy\" decoding=\"async\" class=\"aligncenter  wp-image-1964\" src=\"http:\/\/rodslonecznapolana.pl\/wp-content\/uploads\/2025\/10\/screenshot-1760294754307-1-300x68.png\" alt=\"\" width=\"389\" height=\"88\" srcset=\"https:\/\/rodslonecznapolana.pl\/wp-content\/uploads\/2025\/10\/screenshot-1760294754307-1-300x68.png 300w, https:\/\/rodslonecznapolana.pl\/wp-content\/uploads\/2025\/10\/screenshot-1760294754307-1-1024x232.png 1024w, https:\/\/rodslonecznapolana.pl\/wp-content\/uploads\/2025\/10\/screenshot-1760294754307-1-768x174.png 768w, https:\/\/rodslonecznapolana.pl\/wp-content\/uploads\/2025\/10\/screenshot-1760294754307-1-1170x266.png 1170w, https:\/\/rodslonecznapolana.pl\/wp-content\/uploads\/2025\/10\/screenshot-1760294754307-1.png 1175w\" sizes=\"(max-width: 389px) 100vw, 389px\" \/><\/p>\n\n\n\n<h1><span style=\"color: #000080;\"><strong>Szanowni Dzia\u0142kowcy<\/strong><\/span><\/h1>\n<h1><span style=\"color: #000080;\"><strong>W roku bie\u017c\u0105cym Ogr\u00f3d nasz otrzyma\u0142 z Urz\u0119du Marsza\u0142kowskiego <br \/>w \u0141odzi dotacje w wysoko\u015bci 30.000,00 z\u0142<\/strong><\/span><\/h1>\n<h1><span style=\"color: #000080;\"><strong>Wk\u0142ad w\u0142asny wyni\u00f3s\u0142 6.000.00 z\u0142.<\/strong><\/span><\/h1>\n<h1><span style=\"color: #000080;\"><strong>Za w\/w \u015brodki wykonano w szczeg\u00f3lno\u015bci modernizacj\u0119\u00a0 2 odcink\u00f3w rowu melioracyjnego o \u0142\u0105cznej d\u0142ugo\u015bci ok. 200 m oraz wykonano modernizacj\u0119 kruszywem drogowym 3 odcink\u00f3w alejek ogrodowych o \u0142\u0105cznej d\u0142ugo\u015bci ok. 170 m.<\/strong><\/span><\/h1>\n<h1><span style=\"color: #000080;\"><strong>Obecnie trwa rozliczenie dotacji.<\/strong><\/span><\/h1>\n","protected":false},"excerpt":{"rendered":"<p>Szanowni Dzia\u0142kowcy W roku bie\u017c\u0105cym Ogr\u00f3d nasz otrzyma\u0142 z Urz\u0119du Marsza\u0142kowskiego w \u0141odzi dotacje w wysoko\u015bci 30.000,00 z\u0142 Wk\u0142ad w\u0142asny wyni\u00f3s\u0142 6.000.00 z\u0142. Za w\/w \u015brodki wykonano w szczeg\u00f3lno\u015bci modernizacj\u0119\u00a0 2 odcink\u00f3w rowu melioracyjnego o \u0142\u0105cznej d\u0142ugo\u015bci ok. 200 m oraz wykonano modernizacj\u0119 kruszywem drogowym 3 odcink\u00f3w alejek ogrodowych o \u0142\u0105cznej d\u0142ugo\u015bci ok. 170 m. [&hellip;]<\/p>\n","protected":false},"author":2,"featured_media":1356,"comment_status":"closed","ping_status":"open","sticky":false,"template":"","format":"standard","meta":{"footnotes":""},"categories":[1],"tags":[],"yoast_head":"<!-- This site is optimized with the Yoast SEO plugin v22.6 - https:\/\/yoast.com\/wordpress\/plugins\/seo\/ -->\n<title>Rozliczenie dotacji - OGRODY DZIA\u0141KOWE S\u0141ONECZNA POLANA PAWLIKOWICE<\/title>\n<meta name=\"robots\" content=\"index, follow, max-snippet:-1, max-image-preview:large, max-video-preview:-1\" \/>\n<link rel=\"canonical\" href=\"https:\/\/rodslonecznapolana.pl\/index.php\/2025\/10\/12\/rozliczenie-dotacji\/\" \/>\n<meta property=\"og:locale\" content=\"pl_PL\" \/>\n<meta property=\"og:type\" content=\"article\" \/>\n<meta property=\"og:title\" content=\"Rozliczenie dotacji - OGRODY DZIA\u0141KOWE S\u0141ONECZNA POLANA PAWLIKOWICE\" \/>\n<meta property=\"og:description\" content=\"Szanowni Dzia\u0142kowcy W roku bie\u017c\u0105cym Ogr\u00f3d nasz otrzyma\u0142 z Urz\u0119du Marsza\u0142kowskiego w \u0141odzi dotacje w wysoko\u015bci 30.000,00 z\u0142 Wk\u0142ad w\u0142asny wyni\u00f3s\u0142 6.000.00 z\u0142. Za w\/w \u015brodki wykonano w szczeg\u00f3lno\u015bci modernizacj\u0119\u00a0 2 odcink\u00f3w rowu melioracyjnego o \u0142\u0105cznej d\u0142ugo\u015bci ok. 200 m oraz wykonano modernizacj\u0119 kruszywem drogowym 3 odcink\u00f3w alejek ogrodowych o \u0142\u0105cznej d\u0142ugo\u015bci ok. 170 m. [&hellip;]\" \/>\n<meta property=\"og:url\" content=\"https:\/\/rodslonecznapolana.pl\/index.php\/2025\/10\/12\/rozliczenie-dotacji\/\" \/>\n<meta property=\"og:site_name\" content=\"OGRODY DZIA\u0141KOWE S\u0141ONECZNA POLANA PAWLIKOWICE\" \/>\n<meta property=\"article:published_time\" content=\"2025-10-12T18:44:00+00:00\" \/>\n<meta property=\"article:modified_time\" content=\"2025-10-12T18:52:47+00:00\" \/>\n<meta property=\"og:image\" content=\"http:\/\/rodslonecznapolana.pl\/wp-content\/uploads\/2021\/07\/Fotolia_59219650_S.jpg\" \/>\n\t<meta property=\"og:image:width\" content=\"849\" \/>\n\t<meta property=\"og:image:height\" content=\"566\" \/>\n\t<meta property=\"og:image:type\" content=\"image\/jpeg\" \/>\n<meta name=\"author\" content=\"slonecznapolanarod@gmail.com\" \/>\n<meta name=\"twitter:card\" content=\"summary_large_image\" \/>\n<meta name=\"twitter:label1\" content=\"Napisane przez\" \/>\n\t<meta name=\"twitter:data1\" content=\"slonecznapolanarod@gmail.com\" \/>\n\t<meta name=\"twitter:label2\" content=\"Szacowany czas czytania\" \/>\n\t<meta name=\"twitter:data2\" content=\"1 minuta\" \/>\n<script type=\"application\/ld+json\" class=\"yoast-schema-graph\">{\"@context\":\"https:\/\/schema.org\",\"@graph\":[{\"@type\":\"WebPage\",\"@id\":\"https:\/\/rodslonecznapolana.pl\/index.php\/2025\/10\/12\/rozliczenie-dotacji\/\",\"url\":\"https:\/\/rodslonecznapolana.pl\/index.php\/2025\/10\/12\/rozliczenie-dotacji\/\",\"name\":\"Rozliczenie dotacji - OGRODY DZIA\u0141KOWE S\u0141ONECZNA POLANA PAWLIKOWICE\",\"isPartOf\":{\"@id\":\"https:\/\/rodslonecznapolana.pl\/#website\"},\"primaryImageOfPage\":{\"@id\":\"https:\/\/rodslonecznapolana.pl\/index.php\/2025\/10\/12\/rozliczenie-dotacji\/#primaryimage\"},\"image\":{\"@id\":\"https:\/\/rodslonecznapolana.pl\/index.php\/2025\/10\/12\/rozliczenie-dotacji\/#primaryimage\"},\"thumbnailUrl\":\"https:\/\/rodslonecznapolana.pl\/wp-content\/uploads\/2021\/07\/Fotolia_59219650_S.jpg\",\"datePublished\":\"2025-10-12T18:44:00+00:00\",\"dateModified\":\"2025-10-12T18:52:47+00:00\",\"author\":{\"@id\":\"https:\/\/rodslonecznapolana.pl\/#\/schema\/person\/e1f11991694e9fa7757769079fa1c460\"},\"breadcrumb\":{\"@id\":\"https:\/\/rodslonecznapolana.pl\/index.php\/2025\/10\/12\/rozliczenie-dotacji\/#breadcrumb\"},\"inLanguage\":\"pl-PL\",\"potentialAction\":[{\"@type\":\"ReadAction\",\"target\":[\"https:\/\/rodslonecznapolana.pl\/index.php\/2025\/10\/12\/rozliczenie-dotacji\/\"]}]},{\"@type\":\"ImageObject\",\"inLanguage\":\"pl-PL\",\"@id\":\"https:\/\/rodslonecznapolana.pl\/index.php\/2025\/10\/12\/rozliczenie-dotacji\/#primaryimage\",\"url\":\"https:\/\/rodslonecznapolana.pl\/wp-content\/uploads\/2021\/07\/Fotolia_59219650_S.jpg\",\"contentUrl\":\"https:\/\/rodslonecznapolana.pl\/wp-content\/uploads\/2021\/07\/Fotolia_59219650_S.jpg\",\"width\":849,\"height\":566,\"caption\":\"Kugelschreiber und Tastatur auf Tabellen\"},{\"@type\":\"BreadcrumbList\",\"@id\":\"https:\/\/rodslonecznapolana.pl\/index.php\/2025\/10\/12\/rozliczenie-dotacji\/#breadcrumb\",\"itemListElement\":[{\"@type\":\"ListItem\",\"position\":1,\"name\":\"Strona g\u0142\u00f3wna\",\"item\":\"https:\/\/rodslonecznapolana.pl\/\"},{\"@type\":\"ListItem\",\"position\":2,\"name\":\"Rozliczenie dotacji\"}]},{\"@type\":\"WebSite\",\"@id\":\"https:\/\/rodslonecznapolana.pl\/#website\",\"url\":\"https:\/\/rodslonecznapolana.pl\/\",\"name\":\"OGRODY DZIA\u0141KOWE S\u0141ONECZNA POLANA PAWLIKOWICE\",\"description\":\"\",\"potentialAction\":[{\"@type\":\"SearchAction\",\"target\":{\"@type\":\"EntryPoint\",\"urlTemplate\":\"https:\/\/rodslonecznapolana.pl\/?s={search_term_string}\"},\"query-input\":\"required name=search_term_string\"}],\"inLanguage\":\"pl-PL\"},{\"@type\":\"Person\",\"@id\":\"https:\/\/rodslonecznapolana.pl\/#\/schema\/person\/e1f11991694e9fa7757769079fa1c460\",\"name\":\"slonecznapolanarod@gmail.com\",\"image\":{\"@type\":\"ImageObject\",\"inLanguage\":\"pl-PL\",\"@id\":\"https:\/\/rodslonecznapolana.pl\/#\/schema\/person\/image\/\",\"url\":\"https:\/\/secure.gravatar.com\/avatar\/4e1b7da00bbbef286abc5d10e669a6f0?s=96&d=mm&r=g\",\"contentUrl\":\"https:\/\/secure.gravatar.com\/avatar\/4e1b7da00bbbef286abc5d10e669a6f0?s=96&d=mm&r=g\",\"caption\":\"slonecznapolanarod@gmail.com\"},\"url\":\"https:\/\/rodslonecznapolana.pl\/index.php\/author\/slonecznapolanarodgmail-com\/\"}]}<\/script>\n<!-- \/ Yoast SEO plugin. -->","yoast_head_json":{"title":"Rozliczenie dotacji - OGRODY DZIA\u0141KOWE S\u0141ONECZNA POLANA PAWLIKOWICE","robots":{"index":"index","follow":"follow","max-snippet":"max-snippet:-1","max-image-preview":"max-image-preview:large","max-video-preview":"max-video-preview:-1"},"canonical":"https:\/\/rodslonecznapolana.pl\/index.php\/2025\/10\/12\/rozliczenie-dotacji\/","og_locale":"pl_PL","og_type":"article","og_title":"Rozliczenie dotacji - OGRODY DZIA\u0141KOWE S\u0141ONECZNA POLANA PAWLIKOWICE","og_description":"Szanowni Dzia\u0142kowcy W roku bie\u017c\u0105cym Ogr\u00f3d nasz otrzyma\u0142 z Urz\u0119du Marsza\u0142kowskiego w \u0141odzi dotacje w wysoko\u015bci 30.000,00 z\u0142 Wk\u0142ad w\u0142asny wyni\u00f3s\u0142 6.000.00 z\u0142. Za w\/w \u015brodki wykonano w szczeg\u00f3lno\u015bci modernizacj\u0119\u00a0 2 odcink\u00f3w rowu melioracyjnego o \u0142\u0105cznej d\u0142ugo\u015bci ok. 200 m oraz wykonano modernizacj\u0119 kruszywem drogowym 3 odcink\u00f3w alejek ogrodowych o \u0142\u0105cznej d\u0142ugo\u015bci ok. 170 m. [&hellip;]","og_url":"https:\/\/rodslonecznapolana.pl\/index.php\/2025\/10\/12\/rozliczenie-dotacji\/","og_site_name":"OGRODY DZIA\u0141KOWE S\u0141ONECZNA POLANA PAWLIKOWICE","article_published_time":"2025-10-12T18:44:00+00:00","article_modified_time":"2025-10-12T18:52:47+00:00","og_image":[{"width":849,"height":566,"url":"http:\/\/rodslonecznapolana.pl\/wp-content\/uploads\/2021\/07\/Fotolia_59219650_S.jpg","type":"image\/jpeg"}],"author":"slonecznapolanarod@gmail.com","twitter_card":"summary_large_image","twitter_misc":{"Napisane przez":"slonecznapolanarod@gmail.com","Szacowany czas czytania":"1 minuta"},"schema":{"@context":"https:\/\/schema.org","@graph":[{"@type":"WebPage","@id":"https:\/\/rodslonecznapolana.pl\/index.php\/2025\/10\/12\/rozliczenie-dotacji\/","url":"https:\/\/rodslonecznapolana.pl\/index.php\/2025\/10\/12\/rozliczenie-dotacji\/","name":"Rozliczenie dotacji - OGRODY DZIA\u0141KOWE S\u0141ONECZNA POLANA PAWLIKOWICE","isPartOf":{"@id":"https:\/\/rodslonecznapolana.pl\/#website"},"primaryImageOfPage":{"@id":"https:\/\/rodslonecznapolana.pl\/index.php\/2025\/10\/12\/rozliczenie-dotacji\/#primaryimage"},"image":{"@id":"https:\/\/rodslonecznapolana.pl\/index.php\/2025\/10\/12\/rozliczenie-dotacji\/#primaryimage"},"thumbnailUrl":"https:\/\/rodslonecznapolana.pl\/wp-content\/uploads\/2021\/07\/Fotolia_59219650_S.jpg","datePublished":"2025-10-12T18:44:00+00:00","dateModified":"2025-10-12T18:52:47+00:00","author":{"@id":"https:\/\/rodslonecznapolana.pl\/#\/schema\/person\/e1f11991694e9fa7757769079fa1c460"},"breadcrumb":{"@id":"https:\/\/rodslonecznapolana.pl\/index.php\/2025\/10\/12\/rozliczenie-dotacji\/#breadcrumb"},"inLanguage":"pl-PL","potentialAction":[{"@type":"ReadAction","target":["https:\/\/rodslonecznapolana.pl\/index.php\/2025\/10\/12\/rozliczenie-dotacji\/"]}]},{"@type":"ImageObject","inLanguage":"pl-PL","@id":"https:\/\/rodslonecznapolana.pl\/index.php\/2025\/10\/12\/rozliczenie-dotacji\/#primaryimage","url":"https:\/\/rodslonecznapolana.pl\/wp-content\/uploads\/2021\/07\/Fotolia_59219650_S.jpg","contentUrl":"https:\/\/rodslonecznapolana.pl\/wp-content\/uploads\/2021\/07\/Fotolia_59219650_S.jpg","width":849,"height":566,"caption":"Kugelschreiber und Tastatur auf Tabellen"},{"@type":"BreadcrumbList","@id":"https:\/\/rodslonecznapolana.pl\/index.php\/2025\/10\/12\/rozliczenie-dotacji\/#breadcrumb","itemListElement":[{"@type":"ListItem","position":1,"name":"Strona g\u0142\u00f3wna","item":"https:\/\/rodslonecznapolana.pl\/"},{"@type":"ListItem","position":2,"name":"Rozliczenie dotacji"}]},{"@type":"WebSite","@id":"https:\/\/rodslonecznapolana.pl\/#website","url":"https:\/\/rodslonecznapolana.pl\/","name":"OGRODY DZIA\u0141KOWE S\u0141ONECZNA POLANA PAWLIKOWICE","description":"","potentialAction":[{"@type":"SearchAction","target":{"@type":"EntryPoint","urlTemplate":"https:\/\/rodslonecznapolana.pl\/?s={search_term_string}"},"query-input":"required name=search_term_string"}],"inLanguage":"pl-PL"},{"@type":"Person","@id":"https:\/\/rodslonecznapolana.pl\/#\/schema\/person\/e1f11991694e9fa7757769079fa1c460","name":"slonecznapolanarod@gmail.com","image":{"@type":"ImageObject","inLanguage":"pl-PL","@id":"https:\/\/rodslonecznapolana.pl\/#\/schema\/person\/image\/","url":"https:\/\/secure.gravatar.com\/avatar\/4e1b7da00bbbef286abc5d10e669a6f0?s=96&d=mm&r=g","contentUrl":"https:\/\/secure.gravatar.com\/avatar\/4e1b7da00bbbef286abc5d10e669a6f0?s=96&d=mm&r=g","caption":"slonecznapolanarod@gmail.com"},"url":"https:\/\/rodslonecznapolana.pl\/index.php\/author\/slonecznapolanarodgmail-com\/"}]}},"_links":{"self":[{"href":"https:\/\/rodslonecznapolana.pl\/index.php\/wp-json\/wp\/v2\/posts\/1957"}],"collection":[{"href":"https:\/\/rodslonecznapolana.pl\/index.php\/wp-json\/wp\/v2\/posts"}],"about":[{"href":"https:\/\/rodslonecznapolana.pl\/index.php\/wp-json\/wp\/v2\/types\/post"}],"author":[{"embeddable":true,"href":"https:\/\/rodslonecznapolana.pl\/index.php\/wp-json\/wp\/v2\/users\/2"}],"replies":[{"embeddable":true,"href":"https:\/\/rodslonecznapolana.pl\/index.php\/wp-json\/wp\/v2\/comments?post=1957"}],"version-history":[{"count":4,"href":"https:\/\/rodslonecznapolana.pl\/index.php\/wp-json\/wp\/v2\/posts\/1957\/revisions"}],"predecessor-version":[{"id":1966,"href":"https:\/\/rodslonecznapolana.pl\/index.php\/wp-json\/wp\/v2\/posts\/1957\/revisions\/1966"}],"wp:featuredmedia":[{"embeddable":true,"href":"https:\/\/rodslonecznapolana.pl\/index.php\/wp-json\/wp\/v2\/media\/1356"}],"wp:attachment":[{"href":"https:\/\/rodslonecznapolana.pl\/index.php\/wp-json\/wp\/v2\/media?parent=1957"}],"wp:term":[{"taxonomy":"category","embeddable":true,"href":"https:\/\/rodslonecznapolana.pl\/index.php\/wp-json\/wp\/v2\/categories?post=1957"},{"taxonomy":"post_tag","embeddable":true,"href":"https:\/\/rodslonecznapolana.pl\/index.php\/wp-json\/wp\/v2\/tags?post=1957"}],"curies":[{"name":"wp","href":"https:\/\/api.w.org\/{rel}","templated":true}]}}