{"id":1983,"date":"2026-03-13T09:54:24","date_gmt":"2026-03-13T08:54:24","guid":{"rendered":"https:\/\/rodslonecznapolana.pl\/?p=1983"},"modified":"2026-03-13T10:15:30","modified_gmt":"2026-03-13T09:15:30","slug":"walne-zebranie-sprawozdawcze-rod-sloneczna-polana-11-04-2026r","status":"publish","type":"post","link":"https:\/\/rodslonecznapolana.pl\/index.php\/2026\/03\/13\/walne-zebranie-sprawozdawcze-rod-sloneczna-polana-11-04-2026r\/","title":{"rendered":"Walne Zebranie Sprawozdawcze ROD S\u0142oneczna Polana-11.04.2026r."},"content":{"rendered":"\n<p><strong>Z A P R O S Z E N I E<\/strong><\/p>\n\n\n\n<p>Zarz\u0105d ROD \u201eS\u0142oneczna Polana\u201d w Pawlikowicach zaprasza na Walne Zebranie Sprawozdawcze, kt\u00f3re odb\u0119dzie si\u0119 dn. 11 kwietnia 2026 r. (sobota) w budynku Gminnego Domu Kultury w Bychlewie, Bychlew 107 b.<\/p>\n\n\n\n<p>POCZ\u0104TEK OBRAD:&nbsp;&nbsp;<br>w I &nbsp;&nbsp;terminie &#8211; godz.&nbsp; 12<sup>30<\/sup>&nbsp; <em>przy obecno\u015bci min. 50% cz\u0142onk\u00f3w<\/em><\/p>\n\n\n\n<p>w II terminie &#8211; godz. 13<sup>00<\/sup> <em>niezale\u017cnie od liczby obecnych cz\u0142onk\u00f3w PZD<\/em><\/p>\n\n\n\n<p><em>zgodnie z \u00a7 62 ust. 2 Statutu PZD uchwa\u0142y podj\u0119te w drugim terminie s\u0105 wa\u017cne i obowi\u0105zuj\u0105 bez wzgl\u0119du na liczb\u0119 obecnych na zebraniu.<\/em><\/p>\n\n\n\n<p>Materia\u0142y sprawozdawcze dost\u0119pne b\u0119d\u0105 do wgl\u0105du w dniu 27 marca 2025 r. (pi\u0105tek) w godz.15<sup>00 \u2013 <\/sup>17<sup>00<\/sup> w Gminnym Domu Kultury w Bychlewie.<\/p>\n\n\n\n<p>PRAWO UDZIA\u0141U W WALNYM ZEBRANIU MA WY\u0141\u0104CZNIE CZ\u0141ONEK PZD I WYKLUCZONE JEST ZAST\u0118PSTWO LUB DZIA\u0141ANIE PRZEZ PE\u0141NOMOCNIK\u00d3W.<\/p>\n\n\n\n<p>Ka\u017cdy cz\u0142onek PZD zaproszony na zebranie zobowi\u0105zany jest posiada\u0107 dokument to\u017csamo\u015bci, o okazanie kt\u00f3rego mo\u017ce by\u0107 poproszony przy sprawdzaniu listy obecno\u015bci.<\/p>\n\n\n\n<p><\/p>\n\n\n\n<p><strong><u>Informacje dotycz\u0105ce Walnego Zebrania i inne znajduj\u0105 si\u0119 r\u00f3wnie\u017c na stronie internetowej Ogrodu:<\/u><\/strong> <a href=\"file:\/\/\/D:\/user\/Documents\/Dzia\u0142ka\/2025\/Walne\/www.rodslonecznapolana.pl\">www.rodslonecznapolana.pl<\/a><\/p>\n\n\n\n<h3><a href=\"http:\/\/rodslonecznapolana.pl\/wp-content\/uploads\/2026\/03\/Porzadek-obrad-Walnego-Zebrania-Sprawozdawczego-11.04.2026r.pdf\"><strong><span style=\"color: #800000;\">Porz\u0105dek obrad Walnego Zebrania Sprawozdawczego -11.04.2026r.<\/span><\/strong><\/a><\/h3>\n<h3><strong><span style=\"color: #800000;\"><a style=\"color: #800000;\" href=\"http:\/\/rodslonecznapolana.pl\/wp-content\/uploads\/2026\/03\/Proponowany-regulamin-WZS-11.06.2026r.pdf\">Proponowany regulamin WZS -11.06.2026r.<\/a><\/span><\/strong><\/h3>\n","protected":false},"excerpt":{"rendered":"<p>Z A P R O S Z E N I E Zarz\u0105d ROD \u201eS\u0142oneczna Polana\u201d w Pawlikowicach zaprasza na Walne Zebranie Sprawozdawcze, kt\u00f3re odb\u0119dzie si\u0119 dn. 11 kwietnia 2026 r. (sobota) w budynku Gminnego Domu Kultury w Bychlewie, Bychlew 107 b. POCZ\u0104TEK OBRAD:&nbsp;&nbsp;w I &nbsp;&nbsp;terminie &#8211; godz.&nbsp; 1230&nbsp; przy obecno\u015bci min. 50% cz\u0142onk\u00f3w w II [&hellip;]<\/p>\n","protected":false},"author":2,"featured_media":470,"comment_status":"closed","ping_status":"open","sticky":false,"template":"","format":"standard","meta":{"footnotes":""},"categories":[1],"tags":[],"yoast_head":"<!-- This site is optimized with the Yoast SEO plugin v22.6 - https:\/\/yoast.com\/wordpress\/plugins\/seo\/ -->\n<title>Walne Zebranie Sprawozdawcze ROD S\u0142oneczna Polana-11.04.2026r. - OGRODY DZIA\u0141KOWE S\u0141ONECZNA POLANA PAWLIKOWICE<\/title>\n<meta name=\"robots\" content=\"index, follow, max-snippet:-1, max-image-preview:large, max-video-preview:-1\" \/>\n<link rel=\"canonical\" href=\"https:\/\/rodslonecznapolana.pl\/index.php\/2026\/03\/13\/walne-zebranie-sprawozdawcze-rod-sloneczna-polana-11-04-2026r\/\" \/>\n<meta property=\"og:locale\" content=\"pl_PL\" \/>\n<meta property=\"og:type\" content=\"article\" \/>\n<meta property=\"og:title\" content=\"Walne Zebranie Sprawozdawcze ROD S\u0142oneczna Polana-11.04.2026r. - OGRODY DZIA\u0141KOWE S\u0141ONECZNA POLANA PAWLIKOWICE\" \/>\n<meta property=\"og:description\" content=\"Z A P R O S Z E N I E Zarz\u0105d ROD \u201eS\u0142oneczna Polana\u201d w Pawlikowicach zaprasza na Walne Zebranie Sprawozdawcze, kt\u00f3re odb\u0119dzie si\u0119 dn. 11 kwietnia 2026 r. (sobota) w budynku Gminnego Domu Kultury w Bychlewie, Bychlew 107 b. POCZ\u0104TEK OBRAD:&nbsp;&nbsp;w I &nbsp;&nbsp;terminie &#8211; godz.&nbsp; 1230&nbsp; przy obecno\u015bci min. 50% cz\u0142onk\u00f3w w II [&hellip;]\" \/>\n<meta property=\"og:url\" content=\"https:\/\/rodslonecznapolana.pl\/index.php\/2026\/03\/13\/walne-zebranie-sprawozdawcze-rod-sloneczna-polana-11-04-2026r\/\" \/>\n<meta property=\"og:site_name\" content=\"OGRODY DZIA\u0141KOWE S\u0141ONECZNA POLANA PAWLIKOWICE\" \/>\n<meta property=\"article:published_time\" content=\"2026-03-13T08:54:24+00:00\" \/>\n<meta property=\"article:modified_time\" content=\"2026-03-13T09:15:30+00:00\" \/>\n<meta property=\"og:image\" content=\"http:\/\/rodslonecznapolana.pl\/wp-content\/uploads\/2017\/08\/pobrane-1.jpg\" \/>\n\t<meta property=\"og:image:width\" content=\"322\" \/>\n\t<meta property=\"og:image:height\" content=\"156\" \/>\n\t<meta property=\"og:image:type\" content=\"image\/jpeg\" \/>\n<meta name=\"author\" content=\"slonecznapolanarod@gmail.com\" \/>\n<meta name=\"twitter:card\" content=\"summary_large_image\" \/>\n<meta name=\"twitter:label1\" content=\"Napisane przez\" \/>\n\t<meta name=\"twitter:data1\" content=\"slonecznapolanarod@gmail.com\" \/>\n\t<meta name=\"twitter:label2\" content=\"Szacowany czas czytania\" \/>\n\t<meta name=\"twitter:data2\" content=\"2 minuty\" \/>\n<script type=\"application\/ld+json\" class=\"yoast-schema-graph\">{\"@context\":\"https:\/\/schema.org\",\"@graph\":[{\"@type\":\"WebPage\",\"@id\":\"https:\/\/rodslonecznapolana.pl\/index.php\/2026\/03\/13\/walne-zebranie-sprawozdawcze-rod-sloneczna-polana-11-04-2026r\/\",\"url\":\"https:\/\/rodslonecznapolana.pl\/index.php\/2026\/03\/13\/walne-zebranie-sprawozdawcze-rod-sloneczna-polana-11-04-2026r\/\",\"name\":\"Walne Zebranie Sprawozdawcze ROD S\u0142oneczna Polana-11.04.2026r. - OGRODY DZIA\u0141KOWE S\u0141ONECZNA POLANA PAWLIKOWICE\",\"isPartOf\":{\"@id\":\"https:\/\/rodslonecznapolana.pl\/#website\"},\"primaryImageOfPage\":{\"@id\":\"https:\/\/rodslonecznapolana.pl\/index.php\/2026\/03\/13\/walne-zebranie-sprawozdawcze-rod-sloneczna-polana-11-04-2026r\/#primaryimage\"},\"image\":{\"@id\":\"https:\/\/rodslonecznapolana.pl\/index.php\/2026\/03\/13\/walne-zebranie-sprawozdawcze-rod-sloneczna-polana-11-04-2026r\/#primaryimage\"},\"thumbnailUrl\":\"https:\/\/rodslonecznapolana.pl\/wp-content\/uploads\/2017\/08\/pobrane-1.jpg\",\"datePublished\":\"2026-03-13T08:54:24+00:00\",\"dateModified\":\"2026-03-13T09:15:30+00:00\",\"author\":{\"@id\":\"https:\/\/rodslonecznapolana.pl\/#\/schema\/person\/e1f11991694e9fa7757769079fa1c460\"},\"breadcrumb\":{\"@id\":\"https:\/\/rodslonecznapolana.pl\/index.php\/2026\/03\/13\/walne-zebranie-sprawozdawcze-rod-sloneczna-polana-11-04-2026r\/#breadcrumb\"},\"inLanguage\":\"pl-PL\",\"potentialAction\":[{\"@type\":\"ReadAction\",\"target\":[\"https:\/\/rodslonecznapolana.pl\/index.php\/2026\/03\/13\/walne-zebranie-sprawozdawcze-rod-sloneczna-polana-11-04-2026r\/\"]}]},{\"@type\":\"ImageObject\",\"inLanguage\":\"pl-PL\",\"@id\":\"https:\/\/rodslonecznapolana.pl\/index.php\/2026\/03\/13\/walne-zebranie-sprawozdawcze-rod-sloneczna-polana-11-04-2026r\/#primaryimage\",\"url\":\"https:\/\/rodslonecznapolana.pl\/wp-content\/uploads\/2017\/08\/pobrane-1.jpg\",\"contentUrl\":\"https:\/\/rodslonecznapolana.pl\/wp-content\/uploads\/2017\/08\/pobrane-1.jpg\",\"width\":322,\"height\":156},{\"@type\":\"BreadcrumbList\",\"@id\":\"https:\/\/rodslonecznapolana.pl\/index.php\/2026\/03\/13\/walne-zebranie-sprawozdawcze-rod-sloneczna-polana-11-04-2026r\/#breadcrumb\",\"itemListElement\":[{\"@type\":\"ListItem\",\"position\":1,\"name\":\"Strona g\u0142\u00f3wna\",\"item\":\"https:\/\/rodslonecznapolana.pl\/\"},{\"@type\":\"ListItem\",\"position\":2,\"name\":\"Walne Zebranie Sprawozdawcze ROD S\u0142oneczna Polana-11.04.2026r.\"}]},{\"@type\":\"WebSite\",\"@id\":\"https:\/\/rodslonecznapolana.pl\/#website\",\"url\":\"https:\/\/rodslonecznapolana.pl\/\",\"name\":\"OGRODY DZIA\u0141KOWE S\u0141ONECZNA POLANA PAWLIKOWICE\",\"description\":\"\",\"potentialAction\":[{\"@type\":\"SearchAction\",\"target\":{\"@type\":\"EntryPoint\",\"urlTemplate\":\"https:\/\/rodslonecznapolana.pl\/?s={search_term_string}\"},\"query-input\":\"required name=search_term_string\"}],\"inLanguage\":\"pl-PL\"},{\"@type\":\"Person\",\"@id\":\"https:\/\/rodslonecznapolana.pl\/#\/schema\/person\/e1f11991694e9fa7757769079fa1c460\",\"name\":\"slonecznapolanarod@gmail.com\",\"image\":{\"@type\":\"ImageObject\",\"inLanguage\":\"pl-PL\",\"@id\":\"https:\/\/rodslonecznapolana.pl\/#\/schema\/person\/image\/\",\"url\":\"https:\/\/secure.gravatar.com\/avatar\/4e1b7da00bbbef286abc5d10e669a6f0?s=96&d=mm&r=g\",\"contentUrl\":\"https:\/\/secure.gravatar.com\/avatar\/4e1b7da00bbbef286abc5d10e669a6f0?s=96&d=mm&r=g\",\"caption\":\"slonecznapolanarod@gmail.com\"},\"url\":\"https:\/\/rodslonecznapolana.pl\/index.php\/author\/slonecznapolanarodgmail-com\/\"}]}<\/script>\n<!-- \/ Yoast SEO plugin. -->","yoast_head_json":{"title":"Walne Zebranie Sprawozdawcze ROD S\u0142oneczna Polana-11.04.2026r. - OGRODY DZIA\u0141KOWE S\u0141ONECZNA POLANA PAWLIKOWICE","robots":{"index":"index","follow":"follow","max-snippet":"max-snippet:-1","max-image-preview":"max-image-preview:large","max-video-preview":"max-video-preview:-1"},"canonical":"https:\/\/rodslonecznapolana.pl\/index.php\/2026\/03\/13\/walne-zebranie-sprawozdawcze-rod-sloneczna-polana-11-04-2026r\/","og_locale":"pl_PL","og_type":"article","og_title":"Walne Zebranie Sprawozdawcze ROD S\u0142oneczna Polana-11.04.2026r. - OGRODY DZIA\u0141KOWE S\u0141ONECZNA POLANA PAWLIKOWICE","og_description":"Z A P R O S Z E N I E Zarz\u0105d ROD \u201eS\u0142oneczna Polana\u201d w Pawlikowicach zaprasza na Walne Zebranie Sprawozdawcze, kt\u00f3re odb\u0119dzie si\u0119 dn. 11 kwietnia 2026 r. (sobota) w budynku Gminnego Domu Kultury w Bychlewie, Bychlew 107 b. POCZ\u0104TEK OBRAD:&nbsp;&nbsp;w I &nbsp;&nbsp;terminie &#8211; godz.&nbsp; 1230&nbsp; przy obecno\u015bci min. 50% cz\u0142onk\u00f3w w II [&hellip;]","og_url":"https:\/\/rodslonecznapolana.pl\/index.php\/2026\/03\/13\/walne-zebranie-sprawozdawcze-rod-sloneczna-polana-11-04-2026r\/","og_site_name":"OGRODY DZIA\u0141KOWE S\u0141ONECZNA POLANA PAWLIKOWICE","article_published_time":"2026-03-13T08:54:24+00:00","article_modified_time":"2026-03-13T09:15:30+00:00","og_image":[{"width":322,"height":156,"url":"http:\/\/rodslonecznapolana.pl\/wp-content\/uploads\/2017\/08\/pobrane-1.jpg","type":"image\/jpeg"}],"author":"slonecznapolanarod@gmail.com","twitter_card":"summary_large_image","twitter_misc":{"Napisane przez":"slonecznapolanarod@gmail.com","Szacowany czas czytania":"2 minuty"},"schema":{"@context":"https:\/\/schema.org","@graph":[{"@type":"WebPage","@id":"https:\/\/rodslonecznapolana.pl\/index.php\/2026\/03\/13\/walne-zebranie-sprawozdawcze-rod-sloneczna-polana-11-04-2026r\/","url":"https:\/\/rodslonecznapolana.pl\/index.php\/2026\/03\/13\/walne-zebranie-sprawozdawcze-rod-sloneczna-polana-11-04-2026r\/","name":"Walne Zebranie Sprawozdawcze ROD S\u0142oneczna Polana-11.04.2026r. - OGRODY DZIA\u0141KOWE S\u0141ONECZNA POLANA PAWLIKOWICE","isPartOf":{"@id":"https:\/\/rodslonecznapolana.pl\/#website"},"primaryImageOfPage":{"@id":"https:\/\/rodslonecznapolana.pl\/index.php\/2026\/03\/13\/walne-zebranie-sprawozdawcze-rod-sloneczna-polana-11-04-2026r\/#primaryimage"},"image":{"@id":"https:\/\/rodslonecznapolana.pl\/index.php\/2026\/03\/13\/walne-zebranie-sprawozdawcze-rod-sloneczna-polana-11-04-2026r\/#primaryimage"},"thumbnailUrl":"https:\/\/rodslonecznapolana.pl\/wp-content\/uploads\/2017\/08\/pobrane-1.jpg","datePublished":"2026-03-13T08:54:24+00:00","dateModified":"2026-03-13T09:15:30+00:00","author":{"@id":"https:\/\/rodslonecznapolana.pl\/#\/schema\/person\/e1f11991694e9fa7757769079fa1c460"},"breadcrumb":{"@id":"https:\/\/rodslonecznapolana.pl\/index.php\/2026\/03\/13\/walne-zebranie-sprawozdawcze-rod-sloneczna-polana-11-04-2026r\/#breadcrumb"},"inLanguage":"pl-PL","potentialAction":[{"@type":"ReadAction","target":["https:\/\/rodslonecznapolana.pl\/index.php\/2026\/03\/13\/walne-zebranie-sprawozdawcze-rod-sloneczna-polana-11-04-2026r\/"]}]},{"@type":"ImageObject","inLanguage":"pl-PL","@id":"https:\/\/rodslonecznapolana.pl\/index.php\/2026\/03\/13\/walne-zebranie-sprawozdawcze-rod-sloneczna-polana-11-04-2026r\/#primaryimage","url":"https:\/\/rodslonecznapolana.pl\/wp-content\/uploads\/2017\/08\/pobrane-1.jpg","contentUrl":"https:\/\/rodslonecznapolana.pl\/wp-content\/uploads\/2017\/08\/pobrane-1.jpg","width":322,"height":156},{"@type":"BreadcrumbList","@id":"https:\/\/rodslonecznapolana.pl\/index.php\/2026\/03\/13\/walne-zebranie-sprawozdawcze-rod-sloneczna-polana-11-04-2026r\/#breadcrumb","itemListElement":[{"@type":"ListItem","position":1,"name":"Strona g\u0142\u00f3wna","item":"https:\/\/rodslonecznapolana.pl\/"},{"@type":"ListItem","position":2,"name":"Walne Zebranie Sprawozdawcze ROD S\u0142oneczna Polana-11.04.2026r."}]},{"@type":"WebSite","@id":"https:\/\/rodslonecznapolana.pl\/#website","url":"https:\/\/rodslonecznapolana.pl\/","name":"OGRODY DZIA\u0141KOWE S\u0141ONECZNA POLANA PAWLIKOWICE","description":"","potentialAction":[{"@type":"SearchAction","target":{"@type":"EntryPoint","urlTemplate":"https:\/\/rodslonecznapolana.pl\/?s={search_term_string}"},"query-input":"required name=search_term_string"}],"inLanguage":"pl-PL"},{"@type":"Person","@id":"https:\/\/rodslonecznapolana.pl\/#\/schema\/person\/e1f11991694e9fa7757769079fa1c460","name":"slonecznapolanarod@gmail.com","image":{"@type":"ImageObject","inLanguage":"pl-PL","@id":"https:\/\/rodslonecznapolana.pl\/#\/schema\/person\/image\/","url":"https:\/\/secure.gravatar.com\/avatar\/4e1b7da00bbbef286abc5d10e669a6f0?s=96&d=mm&r=g","contentUrl":"https:\/\/secure.gravatar.com\/avatar\/4e1b7da00bbbef286abc5d10e669a6f0?s=96&d=mm&r=g","caption":"slonecznapolanarod@gmail.com"},"url":"https:\/\/rodslonecznapolana.pl\/index.php\/author\/slonecznapolanarodgmail-com\/"}]}},"_links":{"self":[{"href":"https:\/\/rodslonecznapolana.pl\/index.php\/wp-json\/wp\/v2\/posts\/1983"}],"collection":[{"href":"https:\/\/rodslonecznapolana.pl\/index.php\/wp-json\/wp\/v2\/posts"}],"about":[{"href":"https:\/\/rodslonecznapolana.pl\/index.php\/wp-json\/wp\/v2\/types\/post"}],"author":[{"embeddable":true,"href":"https:\/\/rodslonecznapolana.pl\/index.php\/wp-json\/wp\/v2\/users\/2"}],"replies":[{"embeddable":true,"href":"https:\/\/rodslonecznapolana.pl\/index.php\/wp-json\/wp\/v2\/comments?post=1983"}],"version-history":[{"count":8,"href":"https:\/\/rodslonecznapolana.pl\/index.php\/wp-json\/wp\/v2\/posts\/1983\/revisions"}],"predecessor-version":[{"id":1997,"href":"https:\/\/rodslonecznapolana.pl\/index.php\/wp-json\/wp\/v2\/posts\/1983\/revisions\/1997"}],"wp:featuredmedia":[{"embeddable":true,"href":"https:\/\/rodslonecznapolana.pl\/index.php\/wp-json\/wp\/v2\/media\/470"}],"wp:attachment":[{"href":"https:\/\/rodslonecznapolana.pl\/index.php\/wp-json\/wp\/v2\/media?parent=1983"}],"wp:term":[{"taxonomy":"category","embeddable":true,"href":"https:\/\/rodslonecznapolana.pl\/index.php\/wp-json\/wp\/v2\/categories?post=1983"},{"taxonomy":"post_tag","embeddable":true,"href":"https:\/\/rodslonecznapolana.pl\/index.php\/wp-json\/wp\/v2\/tags?post=1983"}],"curies":[{"name":"wp","href":"https:\/\/api.w.org\/{rel}","templated":true}]}}