{"id":444,"date":"2016-04-15T09:32:26","date_gmt":"2016-04-15T07:32:26","guid":{"rendered":"http:\/\/rodslonecznapolana.pl\/?p=444"},"modified":"2018-04-19T20:58:40","modified_gmt":"2018-04-19T18:58:40","slug":"oplaty","status":"publish","type":"post","link":"https:\/\/rodslonecznapolana.pl\/index.php\/2016\/04\/15\/oplaty\/","title":{"rendered":"Op\u0142aty ogrodowe 2016"},"content":{"rendered":"<p>W dniu 2 kwietnia 2016 roku Walne Zebranie Sprawozdawcze cz\u0142onk\u00f3w stowarzyszenia ogrodowego PZD w ROD \u201eS\u0142oneczna Polana\u201d w Pawlikowicach podj\u0119\u0142o uchwa\u0142y w sprawach:<\/p>\n<p style=\"text-align: left;\">\u00a0 \u00a0 \u00a0 \u00a0 Nr 1\u00a0\u00a0\u00a0 Zatwierdzenia sprawozdania z dzia\u0142alno\u015bci i sprawozdania finansowego Zarz\u0105du \u00a0ROD za 2015 rok.<\/p>\n<p style=\"text-align: left;\">\u00a0 \u00a0 \u00a0 \u00a0 Nr 2\u00a0\u00a0\u00a0 Wysoko\u015bci i terminu wnoszenia op\u0142at ogrodowych w 2016 roku.<\/p>\n<p style=\"text-align: left;\">\u00a0 \u00a0 \u00a0 \u00a0 Nr 3\u00a0\u00a0\u00a0 Wysoko\u015bci i terminu wnoszenia op\u0142aty ogrodowej \u201ena wod\u0119\u201d w 2016 roku<\/p>\n<p style=\"text-align: left;\">\u00a0 \u00a0 \u00a0 \u00a0 Nr 4\u00a0\u00a0\u00a0 Planu pracy na 2016 rok.<\/p>\n<p style=\"text-align: left;\">\u00a0 \u00a0 \u00a0 \u00a0 Nr 5\u00a0\u00a0\u00a0 Zatwierdzenie sprawozdania Komisji Rewizyjnej ROD za 2015 rok.<\/p>\n<p style=\"text-align: left;\">\u00a0 \u00a0 \u00a0 \u00a0 Nr 6\u00a0\u00a0\u00a0 Preliminarza finansowego na 2016\u00a0 rok.<\/p>\n<p style=\"text-align: left;\">\u00a0 \u00a0 \u00a0 \u00a0 Nr 7\u00a0\u00a0\u00a0 Zmiany terminu zadania remontowego \u201ePrzebudowa zbiornika nr 1, przebudowa \u00a0row\u00f3w z wykonaniem przepust\u00f3w z betonowymi przycz\u00f3\u0142kami\u201d<\/p>\n<p style=\"text-align: left;\">\u00a0 \u00a0 \u00a0 \u00a0 Nr 8\u00a0\u00a0\u00a0 Akceptacji wykonania zadania remontowego pn. \u201eRemont hydroforni\u201d<\/p>\n<p style=\"text-align: left;\">Op\u0142aty w 2016 roku i terminy wnoszenia wp\u0142at<\/p>\n<p class=\"font_7\" style=\"text-align: left;\">Sk\u0142adka cz\u0142onkowska \u00a0\u00a0 &#8211;\u00a0\u00a0\u00a06,00z\u0142\u00a0od cz\u0142onka\u00a0 (w przypadku ma\u0142\u017conk\u00f3w po 3z\u0142 ka\u017cdy &#8211; \u00a7149 Statutu PZD) \u2013 TERMIN WP\u0141ATY DO 30.06.2016<\/p>\n<p class=\"font_7\" style=\"text-align: left;\">Op\u0142ata ogrodowa\u00a0\u00a0\u00a0&#8211;\u00a0\u00a00,65z\u0142\/m2 pow. dzia\u0142ki\u00a0 w tym:<\/p>\n<p style=\"text-align: left;\">&#8211;\u00a0\u00a0wydatki na utrzymanie porz\u0105dku i czysto\u015bci \u00a0-0,16 z\u0142\/m2<\/p>\n<p style=\"text-align: left;\">&#8211;\u00a0\u00a0bie\u017c\u0105c\u0105 konserwacj\u0119 infrastruktury ogrodowej \u00a0-0,07 z\u0142\/m2<\/p>\n<p style=\"text-align: left;\">&#8211;\u00a0\u00a0op\u0142aty za dostaw\u0119 energii elektrycznej w cz\u0119\u015bci\u00a0 dotycz\u0105cej terenu og\u00f3lnego i infrastruktury ogrodowej \u00a0-0,07 z\u0142\/m2<\/p>\n<p style=\"text-align: left;\">&#8211;\u00a0\u00a0ubezpieczenia, podatki i inne op\u0142aty publicznoprawne \u00a0-0,02 z\u0142\/m2<\/p>\n<p style=\"text-align: left;\">&#8211;\u00a0\u00a0zarz\u0105dzanie ROD \u00a0-0,26 z\u0142\/m2<\/p>\n<p style=\"text-align: left;\">&#8211;\u00a0\u00a0partycypacja ROD w kosztach PZD (\u00a7 145 ust. 2 statutu PZD) \u00a0-0,07 z\u0142\/m2<\/p>\n<p style=\"text-align: left;\">TERMIN WP\u0141ATY DO 31.05.2016<\/p>\n<p class=\"font_7\" style=\"text-align: left;\">Op\u0142ata ogrodowa na wod\u0119 \u00a0&#8211; \u00a045,00 z\u0142 od dzia\u0142ki<\/p>\n<p style=\"text-align: left;\">TERMIN WP\u0141ATY DO 30.06.2016<\/p>\n<p style=\"text-align: left;\">Od nieterminowych wp\u0142at naliczane s\u0105 ustawowe odsetki.<\/p>\n<p style=\"text-align: left;\">Konto bankowe<\/p>\n<p style=\"text-align: left;\">Wp\u0142at nale\u017cy dokonywa\u0107 na konto ogrodu:<\/p>\n<p style=\"text-align: left;\">50 8788 0009 0000 1094 2010 0002<\/p>\n<p style=\"text-align: left;\">Kasa ogrodu b\u0119dzie czynna\u00a0 w sezonie 2016 w dniach:<\/p>\n<p style=\"text-align: left;\"><span class=\"color_15\">Maj<\/span><\/p>\n<p style=\"text-align: left;\">01\u00a0 niedziela,\u00a0\u00a0 godz. 12:00 \u2013 13:00<\/p>\n<p style=\"text-align: left;\">14\u00a0 sobota,\u00a0\u00a0\u00a0\u00a0\u00a0\u00a0 godz. 16:00 \u2013 17:00<\/p>\n<p style=\"text-align: left;\">29\u00a0 niedziela,\u00a0\u00a0 godz. 12:00 \u2013 13:00<\/p>\n<p style=\"text-align: left;\">Czerwiec<\/p>\n<p style=\"text-align: left;\">18\u00a0 sobota,\u00a0\u00a0\u00a0\u00a0\u00a0 godz. 15:00 \u2013 16:00<\/p>\n<p style=\"text-align: left;\">26\u00a0 niedziela,\u00a0\u00a0 godz. 12:00 \u2013 13:00<\/p>\n<p style=\"text-align: left;\">Lipiec<\/p>\n<p style=\"text-align: left;\">24\u00a0 niedziela,\u00a0\u00a0 godz. 12:00 \u2013 13:00<\/p>\n<p style=\"text-align: left;\">Sierpie\u0144<\/p>\n<p style=\"text-align: left;\">20\u00a0 sobota,\u00a0\u00a0\u00a0\u00a0\u00a0\u00a0 godz. 15:00 \u2013 16:00<\/p>\n","protected":false},"excerpt":{"rendered":"<p>W dniu 2 kwietnia 2016 roku Walne Zebranie Sprawozdawcze cz\u0142onk\u00f3w stowarzyszenia ogrodowego PZD w ROD \u201eS\u0142oneczna Polana\u201d w Pawlikowicach podj\u0119\u0142o uchwa\u0142y w sprawach: \u00a0 \u00a0 \u00a0 \u00a0 Nr 1\u00a0\u00a0\u00a0 Zatwierdzenia sprawozdania z dzia\u0142alno\u015bci i sprawozdania finansowego Zarz\u0105du \u00a0ROD za 2015 rok. \u00a0 \u00a0 \u00a0 \u00a0 Nr 2\u00a0\u00a0\u00a0 Wysoko\u015bci i terminu wnoszenia op\u0142at ogrodowych w 2016 [&hellip;]<\/p>\n","protected":false},"author":3,"featured_media":475,"comment_status":"open","ping_status":"open","sticky":false,"template":"","format":"standard","meta":{"footnotes":""},"categories":[3],"tags":[],"yoast_head":"<!-- This site is optimized with the Yoast SEO plugin v22.6 - https:\/\/yoast.com\/wordpress\/plugins\/seo\/ -->\n<title>Op\u0142aty ogrodowe 2016 - OGRODY DZIA\u0141KOWE S\u0141ONECZNA POLANA PAWLIKOWICE<\/title>\n<meta name=\"robots\" content=\"index, follow, max-snippet:-1, max-image-preview:large, max-video-preview:-1\" \/>\n<link rel=\"canonical\" href=\"https:\/\/rodslonecznapolana.pl\/index.php\/2016\/04\/15\/oplaty\/\" \/>\n<meta property=\"og:locale\" content=\"pl_PL\" \/>\n<meta property=\"og:type\" content=\"article\" \/>\n<meta property=\"og:title\" content=\"Op\u0142aty ogrodowe 2016 - OGRODY DZIA\u0141KOWE S\u0141ONECZNA POLANA PAWLIKOWICE\" \/>\n<meta property=\"og:description\" content=\"W dniu 2 kwietnia 2016 roku Walne Zebranie Sprawozdawcze cz\u0142onk\u00f3w stowarzyszenia ogrodowego PZD w ROD \u201eS\u0142oneczna Polana\u201d w Pawlikowicach podj\u0119\u0142o uchwa\u0142y w sprawach: \u00a0 \u00a0 \u00a0 \u00a0 Nr 1\u00a0\u00a0\u00a0 Zatwierdzenia sprawozdania z dzia\u0142alno\u015bci i sprawozdania finansowego Zarz\u0105du \u00a0ROD za 2015 rok. \u00a0 \u00a0 \u00a0 \u00a0 Nr 2\u00a0\u00a0\u00a0 Wysoko\u015bci i terminu wnoszenia op\u0142at ogrodowych w 2016 [&hellip;]\" \/>\n<meta property=\"og:url\" content=\"https:\/\/rodslonecznapolana.pl\/index.php\/2016\/04\/15\/oplaty\/\" \/>\n<meta property=\"og:site_name\" content=\"OGRODY DZIA\u0141KOWE S\u0141ONECZNA POLANA PAWLIKOWICE\" \/>\n<meta property=\"article:published_time\" content=\"2016-04-15T07:32:26+00:00\" \/>\n<meta property=\"article:modified_time\" content=\"2018-04-19T18:58:40+00:00\" \/>\n<meta property=\"og:image\" content=\"https:\/\/rodslonecznapolana.pl\/wp-content\/uploads\/2017\/03\/063ee9aeb9f60efa02823e51450f82ce_XL.jpg\" \/>\n\t<meta property=\"og:image:width\" content=\"900\" \/>\n\t<meta property=\"og:image:height\" content=\"675\" \/>\n\t<meta property=\"og:image:type\" content=\"image\/jpeg\" \/>\n<meta name=\"author\" content=\"biuro@lodzpozycjonowanie.com.pl\" \/>\n<meta name=\"twitter:card\" content=\"summary_large_image\" \/>\n<meta name=\"twitter:label1\" content=\"Napisane przez\" \/>\n\t<meta name=\"twitter:data1\" content=\"biuro@lodzpozycjonowanie.com.pl\" \/>\n\t<meta name=\"twitter:label2\" content=\"Szacowany czas czytania\" \/>\n\t<meta name=\"twitter:data2\" content=\"1 minuta\" \/>\n<script type=\"application\/ld+json\" class=\"yoast-schema-graph\">{\"@context\":\"https:\/\/schema.org\",\"@graph\":[{\"@type\":\"WebPage\",\"@id\":\"https:\/\/rodslonecznapolana.pl\/index.php\/2016\/04\/15\/oplaty\/\",\"url\":\"https:\/\/rodslonecznapolana.pl\/index.php\/2016\/04\/15\/oplaty\/\",\"name\":\"Op\u0142aty ogrodowe 2016 - OGRODY DZIA\u0141KOWE S\u0141ONECZNA POLANA PAWLIKOWICE\",\"isPartOf\":{\"@id\":\"https:\/\/rodslonecznapolana.pl\/#website\"},\"primaryImageOfPage\":{\"@id\":\"https:\/\/rodslonecznapolana.pl\/index.php\/2016\/04\/15\/oplaty\/#primaryimage\"},\"image\":{\"@id\":\"https:\/\/rodslonecznapolana.pl\/index.php\/2016\/04\/15\/oplaty\/#primaryimage\"},\"thumbnailUrl\":\"https:\/\/rodslonecznapolana.pl\/wp-content\/uploads\/2017\/03\/063ee9aeb9f60efa02823e51450f82ce_XL.jpg\",\"datePublished\":\"2016-04-15T07:32:26+00:00\",\"dateModified\":\"2018-04-19T18:58:40+00:00\",\"author\":{\"@id\":\"https:\/\/rodslonecznapolana.pl\/#\/schema\/person\/9249cdec7095415aedcf2f60b1176844\"},\"breadcrumb\":{\"@id\":\"https:\/\/rodslonecznapolana.pl\/index.php\/2016\/04\/15\/oplaty\/#breadcrumb\"},\"inLanguage\":\"pl-PL\",\"potentialAction\":[{\"@type\":\"ReadAction\",\"target\":[\"https:\/\/rodslonecznapolana.pl\/index.php\/2016\/04\/15\/oplaty\/\"]}]},{\"@type\":\"ImageObject\",\"inLanguage\":\"pl-PL\",\"@id\":\"https:\/\/rodslonecznapolana.pl\/index.php\/2016\/04\/15\/oplaty\/#primaryimage\",\"url\":\"https:\/\/rodslonecznapolana.pl\/wp-content\/uploads\/2017\/03\/063ee9aeb9f60efa02823e51450f82ce_XL.jpg\",\"contentUrl\":\"https:\/\/rodslonecznapolana.pl\/wp-content\/uploads\/2017\/03\/063ee9aeb9f60efa02823e51450f82ce_XL.jpg\",\"width\":900,\"height\":675},{\"@type\":\"BreadcrumbList\",\"@id\":\"https:\/\/rodslonecznapolana.pl\/index.php\/2016\/04\/15\/oplaty\/#breadcrumb\",\"itemListElement\":[{\"@type\":\"ListItem\",\"position\":1,\"name\":\"Strona g\u0142\u00f3wna\",\"item\":\"https:\/\/rodslonecznapolana.pl\/\"},{\"@type\":\"ListItem\",\"position\":2,\"name\":\"Op\u0142aty ogrodowe 2016\"}]},{\"@type\":\"WebSite\",\"@id\":\"https:\/\/rodslonecznapolana.pl\/#website\",\"url\":\"https:\/\/rodslonecznapolana.pl\/\",\"name\":\"OGRODY DZIA\u0141KOWE S\u0141ONECZNA POLANA PAWLIKOWICE\",\"description\":\"\",\"potentialAction\":[{\"@type\":\"SearchAction\",\"target\":{\"@type\":\"EntryPoint\",\"urlTemplate\":\"https:\/\/rodslonecznapolana.pl\/?s={search_term_string}\"},\"query-input\":\"required name=search_term_string\"}],\"inLanguage\":\"pl-PL\"},{\"@type\":\"Person\",\"@id\":\"https:\/\/rodslonecznapolana.pl\/#\/schema\/person\/9249cdec7095415aedcf2f60b1176844\",\"name\":\"biuro@lodzpozycjonowanie.com.pl\",\"image\":{\"@type\":\"ImageObject\",\"inLanguage\":\"pl-PL\",\"@id\":\"https:\/\/rodslonecznapolana.pl\/#\/schema\/person\/image\/\",\"url\":\"https:\/\/secure.gravatar.com\/avatar\/f8b78e632544959358dc1eb90c251fc8?s=96&d=mm&r=g\",\"contentUrl\":\"https:\/\/secure.gravatar.com\/avatar\/f8b78e632544959358dc1eb90c251fc8?s=96&d=mm&r=g\",\"caption\":\"biuro@lodzpozycjonowanie.com.pl\"},\"url\":\"https:\/\/rodslonecznapolana.pl\/index.php\/author\/biurolodzpozycjonowanie-com-pl\/\"}]}<\/script>\n<!-- \/ Yoast SEO plugin. -->","yoast_head_json":{"title":"Op\u0142aty ogrodowe 2016 - OGRODY DZIA\u0141KOWE S\u0141ONECZNA POLANA PAWLIKOWICE","robots":{"index":"index","follow":"follow","max-snippet":"max-snippet:-1","max-image-preview":"max-image-preview:large","max-video-preview":"max-video-preview:-1"},"canonical":"https:\/\/rodslonecznapolana.pl\/index.php\/2016\/04\/15\/oplaty\/","og_locale":"pl_PL","og_type":"article","og_title":"Op\u0142aty ogrodowe 2016 - OGRODY DZIA\u0141KOWE S\u0141ONECZNA POLANA PAWLIKOWICE","og_description":"W dniu 2 kwietnia 2016 roku Walne Zebranie Sprawozdawcze cz\u0142onk\u00f3w stowarzyszenia ogrodowego PZD w ROD \u201eS\u0142oneczna Polana\u201d w Pawlikowicach podj\u0119\u0142o uchwa\u0142y w sprawach: \u00a0 \u00a0 \u00a0 \u00a0 Nr 1\u00a0\u00a0\u00a0 Zatwierdzenia sprawozdania z dzia\u0142alno\u015bci i sprawozdania finansowego Zarz\u0105du \u00a0ROD za 2015 rok. \u00a0 \u00a0 \u00a0 \u00a0 Nr 2\u00a0\u00a0\u00a0 Wysoko\u015bci i terminu wnoszenia op\u0142at ogrodowych w 2016 [&hellip;]","og_url":"https:\/\/rodslonecznapolana.pl\/index.php\/2016\/04\/15\/oplaty\/","og_site_name":"OGRODY DZIA\u0141KOWE S\u0141ONECZNA POLANA PAWLIKOWICE","article_published_time":"2016-04-15T07:32:26+00:00","article_modified_time":"2018-04-19T18:58:40+00:00","og_image":[{"width":900,"height":675,"url":"https:\/\/rodslonecznapolana.pl\/wp-content\/uploads\/2017\/03\/063ee9aeb9f60efa02823e51450f82ce_XL.jpg","type":"image\/jpeg"}],"author":"biuro@lodzpozycjonowanie.com.pl","twitter_card":"summary_large_image","twitter_misc":{"Napisane przez":"biuro@lodzpozycjonowanie.com.pl","Szacowany czas czytania":"1 minuta"},"schema":{"@context":"https:\/\/schema.org","@graph":[{"@type":"WebPage","@id":"https:\/\/rodslonecznapolana.pl\/index.php\/2016\/04\/15\/oplaty\/","url":"https:\/\/rodslonecznapolana.pl\/index.php\/2016\/04\/15\/oplaty\/","name":"Op\u0142aty ogrodowe 2016 - OGRODY DZIA\u0141KOWE S\u0141ONECZNA POLANA PAWLIKOWICE","isPartOf":{"@id":"https:\/\/rodslonecznapolana.pl\/#website"},"primaryImageOfPage":{"@id":"https:\/\/rodslonecznapolana.pl\/index.php\/2016\/04\/15\/oplaty\/#primaryimage"},"image":{"@id":"https:\/\/rodslonecznapolana.pl\/index.php\/2016\/04\/15\/oplaty\/#primaryimage"},"thumbnailUrl":"https:\/\/rodslonecznapolana.pl\/wp-content\/uploads\/2017\/03\/063ee9aeb9f60efa02823e51450f82ce_XL.jpg","datePublished":"2016-04-15T07:32:26+00:00","dateModified":"2018-04-19T18:58:40+00:00","author":{"@id":"https:\/\/rodslonecznapolana.pl\/#\/schema\/person\/9249cdec7095415aedcf2f60b1176844"},"breadcrumb":{"@id":"https:\/\/rodslonecznapolana.pl\/index.php\/2016\/04\/15\/oplaty\/#breadcrumb"},"inLanguage":"pl-PL","potentialAction":[{"@type":"ReadAction","target":["https:\/\/rodslonecznapolana.pl\/index.php\/2016\/04\/15\/oplaty\/"]}]},{"@type":"ImageObject","inLanguage":"pl-PL","@id":"https:\/\/rodslonecznapolana.pl\/index.php\/2016\/04\/15\/oplaty\/#primaryimage","url":"https:\/\/rodslonecznapolana.pl\/wp-content\/uploads\/2017\/03\/063ee9aeb9f60efa02823e51450f82ce_XL.jpg","contentUrl":"https:\/\/rodslonecznapolana.pl\/wp-content\/uploads\/2017\/03\/063ee9aeb9f60efa02823e51450f82ce_XL.jpg","width":900,"height":675},{"@type":"BreadcrumbList","@id":"https:\/\/rodslonecznapolana.pl\/index.php\/2016\/04\/15\/oplaty\/#breadcrumb","itemListElement":[{"@type":"ListItem","position":1,"name":"Strona g\u0142\u00f3wna","item":"https:\/\/rodslonecznapolana.pl\/"},{"@type":"ListItem","position":2,"name":"Op\u0142aty ogrodowe 2016"}]},{"@type":"WebSite","@id":"https:\/\/rodslonecznapolana.pl\/#website","url":"https:\/\/rodslonecznapolana.pl\/","name":"OGRODY DZIA\u0141KOWE S\u0141ONECZNA POLANA PAWLIKOWICE","description":"","potentialAction":[{"@type":"SearchAction","target":{"@type":"EntryPoint","urlTemplate":"https:\/\/rodslonecznapolana.pl\/?s={search_term_string}"},"query-input":"required name=search_term_string"}],"inLanguage":"pl-PL"},{"@type":"Person","@id":"https:\/\/rodslonecznapolana.pl\/#\/schema\/person\/9249cdec7095415aedcf2f60b1176844","name":"biuro@lodzpozycjonowanie.com.pl","image":{"@type":"ImageObject","inLanguage":"pl-PL","@id":"https:\/\/rodslonecznapolana.pl\/#\/schema\/person\/image\/","url":"https:\/\/secure.gravatar.com\/avatar\/f8b78e632544959358dc1eb90c251fc8?s=96&d=mm&r=g","contentUrl":"https:\/\/secure.gravatar.com\/avatar\/f8b78e632544959358dc1eb90c251fc8?s=96&d=mm&r=g","caption":"biuro@lodzpozycjonowanie.com.pl"},"url":"https:\/\/rodslonecznapolana.pl\/index.php\/author\/biurolodzpozycjonowanie-com-pl\/"}]}},"_links":{"self":[{"href":"https:\/\/rodslonecznapolana.pl\/index.php\/wp-json\/wp\/v2\/posts\/444"}],"collection":[{"href":"https:\/\/rodslonecznapolana.pl\/index.php\/wp-json\/wp\/v2\/posts"}],"about":[{"href":"https:\/\/rodslonecznapolana.pl\/index.php\/wp-json\/wp\/v2\/types\/post"}],"author":[{"embeddable":true,"href":"https:\/\/rodslonecznapolana.pl\/index.php\/wp-json\/wp\/v2\/users\/3"}],"replies":[{"embeddable":true,"href":"https:\/\/rodslonecznapolana.pl\/index.php\/wp-json\/wp\/v2\/comments?post=444"}],"version-history":[{"count":5,"href":"https:\/\/rodslonecznapolana.pl\/index.php\/wp-json\/wp\/v2\/posts\/444\/revisions"}],"predecessor-version":[{"id":630,"href":"https:\/\/rodslonecznapolana.pl\/index.php\/wp-json\/wp\/v2\/posts\/444\/revisions\/630"}],"wp:featuredmedia":[{"embeddable":true,"href":"https:\/\/rodslonecznapolana.pl\/index.php\/wp-json\/wp\/v2\/media\/475"}],"wp:attachment":[{"href":"https:\/\/rodslonecznapolana.pl\/index.php\/wp-json\/wp\/v2\/media?parent=444"}],"wp:term":[{"taxonomy":"category","embeddable":true,"href":"https:\/\/rodslonecznapolana.pl\/index.php\/wp-json\/wp\/v2\/categories?post=444"},{"taxonomy":"post_tag","embeddable":true,"href":"https:\/\/rodslonecznapolana.pl\/index.php\/wp-json\/wp\/v2\/tags?post=444"}],"curies":[{"name":"wp","href":"https:\/\/api.w.org\/{rel}","templated":true}]}}