{"id":964,"date":"2018-04-19T20:37:22","date_gmt":"2018-04-19T18:37:22","guid":{"rendered":"http:\/\/rodslonecznapolana.pl\/?p=964"},"modified":"2019-04-08T21:28:47","modified_gmt":"2019-04-08T19:28:47","slug":"oplaty-2018","status":"publish","type":"post","link":"https:\/\/rodslonecznapolana.pl\/index.php\/2018\/04\/19\/oplaty-2018\/","title":{"rendered":"Op\u0142aty 2018"},"content":{"rendered":"<p style=\"text-align: center;\"><span style=\"color: #000080;\"><strong>W dniu 7 kwietnia 2018 roku Walne Zebranie Sprawozdawcze <\/strong><strong>cz\u0142onk\u00f3w stowarzyszenia ogrodowego PZD w ROD \u201eS\u0142oneczna Polana\u201d <\/strong><strong>w Pawlikowicach podj\u0119\u0142o uchwa\u0142y w sprawach:<\/strong><\/span><\/p>\n<p style=\"text-align: left;\"><span style=\"color: #000080;\"><strong>Nr 1<\/strong>\u00a0\u00a0\u00a0 Zatwierdzenia sprawozdania z dzia\u0142alno\u015bci i sprawozdania finansowego Zarz\u0105du ROD za 2017 rok.<\/span><\/p>\n<p style=\"text-align: left;\"><span style=\"color: #000080;\"><strong>Nr 2<\/strong>\u00a0\u00a0\u00a0 Zatwierdzenie sprawozdania Komisji Rewizyjnej ROD za 2017 rok.<\/span><br \/>\n<span style=\"color: #000080;\"> <strong>Nr 3<\/strong>\u00a0\u00a0\u00a0 Wysoko\u015bci\u00a0op\u0142aty ogrodowej i terminu jej wnoszenia.<\/span><br \/>\n<span style=\"color: #000080;\"> <strong>Nr 4<\/strong>\u00a0\u00a0\u00a0 Planu pracy na 2018 rok.<\/span><\/p>\n<p style=\"text-align: left;\"><span style=\"color: #000080;\"><strong>Nr 5<\/strong>\u00a0\u00a0\u00a0 Przyj\u0119cie do realizacji zadania remontowego pn.: \u201eRemont alejek\u201d<\/span><br \/>\n<span style=\"color: #000080;\"> <strong>Nr 6<\/strong>\u00a0\u00a0\u00a0 Preliminarzy finansowych\u00a0na 2018\u00a0 rok.<\/span><\/p>\n<p style=\"text-align: left;\"><span style=\"color: #000080;\"><strong>Nr 7<\/strong>\u00a0\u00a0\u00a0 Zmiana w planie zagospodarowania ogrodu ( obejmuj\u0105ca likwidacj\u0119 boiska_uchwa\u0142a nie podj\u0119ta)<\/span><br \/>\n<span style=\"color: #000080;\"> <strong>\u00a0 \u00a0 \u00a0 \u00a0<\/strong><\/span><\/p>\n<p><span style=\"color: #000080;\"><strong>Op\u0142aty w 2018 roku i terminy wnoszenia wp\u0142at<\/strong><\/span><\/p>\n<ul>\n<li><span style=\"color: #000080;\"><strong>Sk\u0142adka cz\u0142onkowska<\/strong> \u00a0\u00a0 \u2013\u00a0\u00a0<strong>6,00z\u0142<\/strong>\u00a0od cz\u0142onka\u00a0 (w przypadku ma\u0142\u017conk\u00f3w po 3z\u0142 ka\u017cdy \u2013 \u00a7149 Statutu PZD)\u00a0<strong>TERMIN WP\u0141ATY DO 30.06.2018<\/strong><\/span><\/li>\n<\/ul>\n<p>&nbsp;<\/p>\n<ul>\n<li><span style=\"color: #000080;\"><strong>Op\u0142ata ogrodowa<\/strong> \u00a0 \u00a0 \u00a0 \u00a0 \u00a0\u00a0\u2013 \u00a0<strong>0,71z\u0142\/m2 pow. dzia\u0142ki\u00a0 w tym:<\/strong><\/span><\/li>\n<\/ul>\n<p><span style=\"color: #000080;\"><strong>\u2013\u00a0<\/strong>\u00a0wydatki na utrzymanie porz\u0105dku i czysto\u015bci -0,17 z\u0142\/m2<\/span><br \/>\n<span style=\"color: #000080;\"> <strong>\u2013\u00a0<\/strong>\u00a0bie\u017c\u0105c\u0105 konserwacj\u0119 infrastruktury ogrodowej \u00a0-0,17 z\u0142\/m2<\/span><br \/>\n<span style=\"color: #000080;\"> <strong>\u2013<\/strong>\u00a0\u00a0op\u0142aty za dostaw\u0119 energii elektrycznej w cz\u0119\u015bci\u00a0 dotycz\u0105cej terenu og\u00f3lnego i infrastruktury ogrodowej \u2013 0,06 z\u0142\/m2<\/span><br \/>\n<span style=\"color: #000080;\"> <strong>\u2013\u00a0<\/strong>\u00a0ubezpieczenia, podatki i inne op\u0142aty publicznoprawne -0,02 z\u0142\/m2<\/span><br \/>\n<span style=\"color: #000080;\"> <strong>\u2013\u00a0<\/strong>\u00a0zarz\u0105dzanie ROD -0,21 z\u0142\/m2<\/span><br \/>\n<span style=\"color: #000080;\"> <strong>\u2013<\/strong>\u00a0\u00a0partycypacja ROD w kosztach PZD (\u00a7 145 ust. 2 statutu PZD) -0,08 z\u0142\/m2<\/span><\/p>\n<p><span style=\"color: #000080;\"><strong>TERMIN WP\u0141ATY DO 31.05.2018<\/strong><\/span><\/p>\n<ul>\n<li><span style=\"color: #000080;\"><strong>Op\u0142ata inwestycyjna<\/strong> (Remont alejek) \u00a0 \u00a0 \u00a0 \u00a0 \u00a0 \u2013\u00a0 <strong>30,00z\u0142 od dzia\u0142ki<br \/>\nTERMIN WP\u0141ATY DO 31.07.2018<br \/>\n<\/strong><\/span><\/li>\n<\/ul>\n<p><span style=\"color: #000080;\"><strong>Od nieterminowych wp\u0142at naliczane s\u0105 ustawowe odsetki<\/strong><\/span><\/p>\n<p style=\"text-align: center;\"><span style=\"color: #000080;\"><strong><u>Konto bankowe<\/u><\/strong><\/span><\/p>\n<p style=\"text-align: center;\"><span style=\"color: #000080;\">Zgodnie z \u00a7 149 ust.<strong>1<\/strong> Statutu PZD<\/span><\/p>\n<p style=\"text-align: center;\"><span style=\"color: #000080;\">Zarz\u0105d ROD przyjmuje od Dzia\u0142kowc\u00f3w wszystkie op\u0142aty na konto bankowe<\/span><\/p>\n<p style=\"text-align: center;\"><span style=\"color: #000080; font-size: 24pt;\"><strong>50 8788 0009 0000 1094 2010 0002<\/strong><\/span><\/p>\n<p style=\"text-align: center;\"><span style=\"color: #000080;\">Zgodnie z \u00a7 149 ust.<strong>2<\/strong> Statutu PZD<\/span><\/p>\n<p style=\"text-align: center;\"><span style=\"color: #000080;\">tylko w uzasadnionych przypadkach Dzia\u0142kowicz mo\u017ce dokona\u0107 wp\u0142aty do kasy ROD<\/span><\/p>\n<p style=\"text-align: center;\"><strong>DO KASY ZAPRASZAMY W DNIACH:<\/strong><\/p>\n<p style=\"text-align: center;\"><span style=\"color: #800080;\"><strong>05.05.2018 godz.15.00-16.00<\/strong><strong>\u00a0\u00a0\u00a0\u00a0\u00a0\u00a0\u00a0\u00a0\u00a0\u00a0\u00a0\u00a0\u00a0\u00a0\u00a0\u00a0\u00a0 \u00a0\u00a0\u00a0\u00a0\u00a0\u00a0\u00a0\u00a0 23.06.2018 godz.15.00-16.00<\/strong><\/span><\/p>\n<p style=\"text-align: center;\"><span style=\"color: #800080;\"><strong>27.05.2018 godz.12.00-13.00<\/strong><strong>\u00a0\u00a0\u00a0\u00a0\u00a0\u00a0\u00a0\u00a0\u00a0\u00a0\u00a0\u00a0\u00a0\u00a0\u00a0\u00a0\u00a0 \u00a0\u00a0\u00a0\u00a0\u00a0\u00a0\u00a0\u00a0 14.07.2018 godz.15.00-16.00<\/strong><\/span><\/p>\n<p style=\"text-align: center;\"><span style=\"color: #800080;\"><strong>03.06.2018 godz.12.00-13.00<\/strong><strong>\u00a0\u00a0\u00a0\u00a0\u00a0\u00a0\u00a0\u00a0\u00a0\u00a0\u00a0\u00a0\u00a0\u00a0\u00a0\u00a0\u00a0 \u00a0\u00a0\u00a0\u00a0\u00a0\u00a0\u00a0\u00a0 26.08.2018 godz.12.00-13.00<\/strong><\/span><\/p>\n<p>&nbsp;<\/p>\n<p style=\"text-align: center;\"><span style=\"color: #808000;\"><a style=\"color: #808000;\" href=\"http:\/\/rodslonecznapolana.pl\/wp-content\/uploads\/2018\/04\/SPRAWD\u0179-SWOJE-OP\u0141ATY-W-2018-ROKU-1.pdf\"><span style=\"font-size: 18pt;\"><strong>SPRAWD\u0179 SWOJE OP\u0141ATY W 2018 ROKU<\/strong><\/span><\/a><\/span><\/p>\n<p>&nbsp;<\/p>\n","protected":false},"excerpt":{"rendered":"<p>W dniu 7 kwietnia 2018 roku Walne Zebranie Sprawozdawcze cz\u0142onk\u00f3w stowarzyszenia ogrodowego PZD w ROD \u201eS\u0142oneczna Polana\u201d w Pawlikowicach podj\u0119\u0142o uchwa\u0142y w sprawach: Nr 1\u00a0\u00a0\u00a0 Zatwierdzenia sprawozdania z dzia\u0142alno\u015bci i sprawozdania finansowego Zarz\u0105du ROD za 2017 rok. Nr 2\u00a0\u00a0\u00a0 Zatwierdzenie sprawozdania Komisji Rewizyjnej ROD za 2017 rok. Nr 3\u00a0\u00a0\u00a0 Wysoko\u015bci\u00a0op\u0142aty ogrodowej i terminu jej wnoszenia. [&hellip;]<\/p>\n","protected":false},"author":2,"featured_media":968,"comment_status":"closed","ping_status":"open","sticky":false,"template":"","format":"standard","meta":{"footnotes":""},"categories":[3],"tags":[],"yoast_head":"<!-- This site is optimized with the Yoast SEO plugin v22.6 - https:\/\/yoast.com\/wordpress\/plugins\/seo\/ -->\n<title>Op\u0142aty 2018 - OGRODY DZIA\u0141KOWE S\u0141ONECZNA POLANA PAWLIKOWICE<\/title>\n<meta name=\"robots\" content=\"index, follow, max-snippet:-1, max-image-preview:large, max-video-preview:-1\" \/>\n<link rel=\"canonical\" href=\"https:\/\/rodslonecznapolana.pl\/index.php\/2018\/04\/19\/oplaty-2018\/\" \/>\n<meta property=\"og:locale\" content=\"pl_PL\" \/>\n<meta property=\"og:type\" content=\"article\" \/>\n<meta property=\"og:title\" content=\"Op\u0142aty 2018 - OGRODY DZIA\u0141KOWE S\u0141ONECZNA POLANA PAWLIKOWICE\" \/>\n<meta property=\"og:description\" content=\"W dniu 7 kwietnia 2018 roku Walne Zebranie Sprawozdawcze cz\u0142onk\u00f3w stowarzyszenia ogrodowego PZD w ROD \u201eS\u0142oneczna Polana\u201d w Pawlikowicach podj\u0119\u0142o uchwa\u0142y w sprawach: Nr 1\u00a0\u00a0\u00a0 Zatwierdzenia sprawozdania z dzia\u0142alno\u015bci i sprawozdania finansowego Zarz\u0105du ROD za 2017 rok. Nr 2\u00a0\u00a0\u00a0 Zatwierdzenie sprawozdania Komisji Rewizyjnej ROD za 2017 rok. Nr 3\u00a0\u00a0\u00a0 Wysoko\u015bci\u00a0op\u0142aty ogrodowej i terminu jej wnoszenia. [&hellip;]\" \/>\n<meta property=\"og:url\" content=\"https:\/\/rodslonecznapolana.pl\/index.php\/2018\/04\/19\/oplaty-2018\/\" \/>\n<meta property=\"og:site_name\" content=\"OGRODY DZIA\u0141KOWE S\u0141ONECZNA POLANA PAWLIKOWICE\" \/>\n<meta property=\"article:published_time\" content=\"2018-04-19T18:37:22+00:00\" \/>\n<meta property=\"article:modified_time\" content=\"2019-04-08T19:28:47+00:00\" \/>\n<meta property=\"og:image\" content=\"https:\/\/rodslonecznapolana.pl\/wp-content\/uploads\/2018\/04\/w-co-inwestowac.jpg\" \/>\n\t<meta property=\"og:image:width\" content=\"870\" \/>\n\t<meta property=\"og:image:height\" content=\"405\" \/>\n\t<meta property=\"og:image:type\" content=\"image\/jpeg\" \/>\n<meta name=\"author\" content=\"slonecznapolanarod@gmail.com\" \/>\n<meta name=\"twitter:card\" content=\"summary_large_image\" \/>\n<meta name=\"twitter:label1\" content=\"Napisane przez\" \/>\n\t<meta name=\"twitter:data1\" content=\"slonecznapolanarod@gmail.com\" \/>\n\t<meta name=\"twitter:label2\" content=\"Szacowany czas czytania\" \/>\n\t<meta name=\"twitter:data2\" content=\"1 minuta\" \/>\n<script type=\"application\/ld+json\" class=\"yoast-schema-graph\">{\"@context\":\"https:\/\/schema.org\",\"@graph\":[{\"@type\":\"WebPage\",\"@id\":\"https:\/\/rodslonecznapolana.pl\/index.php\/2018\/04\/19\/oplaty-2018\/\",\"url\":\"https:\/\/rodslonecznapolana.pl\/index.php\/2018\/04\/19\/oplaty-2018\/\",\"name\":\"Op\u0142aty 2018 - OGRODY DZIA\u0141KOWE S\u0141ONECZNA POLANA PAWLIKOWICE\",\"isPartOf\":{\"@id\":\"https:\/\/rodslonecznapolana.pl\/#website\"},\"primaryImageOfPage\":{\"@id\":\"https:\/\/rodslonecznapolana.pl\/index.php\/2018\/04\/19\/oplaty-2018\/#primaryimage\"},\"image\":{\"@id\":\"https:\/\/rodslonecznapolana.pl\/index.php\/2018\/04\/19\/oplaty-2018\/#primaryimage\"},\"thumbnailUrl\":\"https:\/\/rodslonecznapolana.pl\/wp-content\/uploads\/2018\/04\/w-co-inwestowac.jpg\",\"datePublished\":\"2018-04-19T18:37:22+00:00\",\"dateModified\":\"2019-04-08T19:28:47+00:00\",\"author\":{\"@id\":\"https:\/\/rodslonecznapolana.pl\/#\/schema\/person\/e1f11991694e9fa7757769079fa1c460\"},\"breadcrumb\":{\"@id\":\"https:\/\/rodslonecznapolana.pl\/index.php\/2018\/04\/19\/oplaty-2018\/#breadcrumb\"},\"inLanguage\":\"pl-PL\",\"potentialAction\":[{\"@type\":\"ReadAction\",\"target\":[\"https:\/\/rodslonecznapolana.pl\/index.php\/2018\/04\/19\/oplaty-2018\/\"]}]},{\"@type\":\"ImageObject\",\"inLanguage\":\"pl-PL\",\"@id\":\"https:\/\/rodslonecznapolana.pl\/index.php\/2018\/04\/19\/oplaty-2018\/#primaryimage\",\"url\":\"https:\/\/rodslonecznapolana.pl\/wp-content\/uploads\/2018\/04\/w-co-inwestowac.jpg\",\"contentUrl\":\"https:\/\/rodslonecznapolana.pl\/wp-content\/uploads\/2018\/04\/w-co-inwestowac.jpg\",\"width\":870,\"height\":405},{\"@type\":\"BreadcrumbList\",\"@id\":\"https:\/\/rodslonecznapolana.pl\/index.php\/2018\/04\/19\/oplaty-2018\/#breadcrumb\",\"itemListElement\":[{\"@type\":\"ListItem\",\"position\":1,\"name\":\"Strona g\u0142\u00f3wna\",\"item\":\"https:\/\/rodslonecznapolana.pl\/\"},{\"@type\":\"ListItem\",\"position\":2,\"name\":\"Op\u0142aty 2018\"}]},{\"@type\":\"WebSite\",\"@id\":\"https:\/\/rodslonecznapolana.pl\/#website\",\"url\":\"https:\/\/rodslonecznapolana.pl\/\",\"name\":\"OGRODY DZIA\u0141KOWE S\u0141ONECZNA POLANA PAWLIKOWICE\",\"description\":\"\",\"potentialAction\":[{\"@type\":\"SearchAction\",\"target\":{\"@type\":\"EntryPoint\",\"urlTemplate\":\"https:\/\/rodslonecznapolana.pl\/?s={search_term_string}\"},\"query-input\":\"required name=search_term_string\"}],\"inLanguage\":\"pl-PL\"},{\"@type\":\"Person\",\"@id\":\"https:\/\/rodslonecznapolana.pl\/#\/schema\/person\/e1f11991694e9fa7757769079fa1c460\",\"name\":\"slonecznapolanarod@gmail.com\",\"image\":{\"@type\":\"ImageObject\",\"inLanguage\":\"pl-PL\",\"@id\":\"https:\/\/rodslonecznapolana.pl\/#\/schema\/person\/image\/\",\"url\":\"https:\/\/secure.gravatar.com\/avatar\/4e1b7da00bbbef286abc5d10e669a6f0?s=96&d=mm&r=g\",\"contentUrl\":\"https:\/\/secure.gravatar.com\/avatar\/4e1b7da00bbbef286abc5d10e669a6f0?s=96&d=mm&r=g\",\"caption\":\"slonecznapolanarod@gmail.com\"},\"url\":\"https:\/\/rodslonecznapolana.pl\/index.php\/author\/slonecznapolanarodgmail-com\/\"}]}<\/script>\n<!-- \/ Yoast SEO plugin. -->","yoast_head_json":{"title":"Op\u0142aty 2018 - OGRODY DZIA\u0141KOWE S\u0141ONECZNA POLANA PAWLIKOWICE","robots":{"index":"index","follow":"follow","max-snippet":"max-snippet:-1","max-image-preview":"max-image-preview:large","max-video-preview":"max-video-preview:-1"},"canonical":"https:\/\/rodslonecznapolana.pl\/index.php\/2018\/04\/19\/oplaty-2018\/","og_locale":"pl_PL","og_type":"article","og_title":"Op\u0142aty 2018 - OGRODY DZIA\u0141KOWE S\u0141ONECZNA POLANA PAWLIKOWICE","og_description":"W dniu 7 kwietnia 2018 roku Walne Zebranie Sprawozdawcze cz\u0142onk\u00f3w stowarzyszenia ogrodowego PZD w ROD \u201eS\u0142oneczna Polana\u201d w Pawlikowicach podj\u0119\u0142o uchwa\u0142y w sprawach: Nr 1\u00a0\u00a0\u00a0 Zatwierdzenia sprawozdania z dzia\u0142alno\u015bci i sprawozdania finansowego Zarz\u0105du ROD za 2017 rok. Nr 2\u00a0\u00a0\u00a0 Zatwierdzenie sprawozdania Komisji Rewizyjnej ROD za 2017 rok. Nr 3\u00a0\u00a0\u00a0 Wysoko\u015bci\u00a0op\u0142aty ogrodowej i terminu jej wnoszenia. [&hellip;]","og_url":"https:\/\/rodslonecznapolana.pl\/index.php\/2018\/04\/19\/oplaty-2018\/","og_site_name":"OGRODY DZIA\u0141KOWE S\u0141ONECZNA POLANA PAWLIKOWICE","article_published_time":"2018-04-19T18:37:22+00:00","article_modified_time":"2019-04-08T19:28:47+00:00","og_image":[{"width":870,"height":405,"url":"https:\/\/rodslonecznapolana.pl\/wp-content\/uploads\/2018\/04\/w-co-inwestowac.jpg","type":"image\/jpeg"}],"author":"slonecznapolanarod@gmail.com","twitter_card":"summary_large_image","twitter_misc":{"Napisane przez":"slonecznapolanarod@gmail.com","Szacowany czas czytania":"1 minuta"},"schema":{"@context":"https:\/\/schema.org","@graph":[{"@type":"WebPage","@id":"https:\/\/rodslonecznapolana.pl\/index.php\/2018\/04\/19\/oplaty-2018\/","url":"https:\/\/rodslonecznapolana.pl\/index.php\/2018\/04\/19\/oplaty-2018\/","name":"Op\u0142aty 2018 - OGRODY DZIA\u0141KOWE S\u0141ONECZNA POLANA PAWLIKOWICE","isPartOf":{"@id":"https:\/\/rodslonecznapolana.pl\/#website"},"primaryImageOfPage":{"@id":"https:\/\/rodslonecznapolana.pl\/index.php\/2018\/04\/19\/oplaty-2018\/#primaryimage"},"image":{"@id":"https:\/\/rodslonecznapolana.pl\/index.php\/2018\/04\/19\/oplaty-2018\/#primaryimage"},"thumbnailUrl":"https:\/\/rodslonecznapolana.pl\/wp-content\/uploads\/2018\/04\/w-co-inwestowac.jpg","datePublished":"2018-04-19T18:37:22+00:00","dateModified":"2019-04-08T19:28:47+00:00","author":{"@id":"https:\/\/rodslonecznapolana.pl\/#\/schema\/person\/e1f11991694e9fa7757769079fa1c460"},"breadcrumb":{"@id":"https:\/\/rodslonecznapolana.pl\/index.php\/2018\/04\/19\/oplaty-2018\/#breadcrumb"},"inLanguage":"pl-PL","potentialAction":[{"@type":"ReadAction","target":["https:\/\/rodslonecznapolana.pl\/index.php\/2018\/04\/19\/oplaty-2018\/"]}]},{"@type":"ImageObject","inLanguage":"pl-PL","@id":"https:\/\/rodslonecznapolana.pl\/index.php\/2018\/04\/19\/oplaty-2018\/#primaryimage","url":"https:\/\/rodslonecznapolana.pl\/wp-content\/uploads\/2018\/04\/w-co-inwestowac.jpg","contentUrl":"https:\/\/rodslonecznapolana.pl\/wp-content\/uploads\/2018\/04\/w-co-inwestowac.jpg","width":870,"height":405},{"@type":"BreadcrumbList","@id":"https:\/\/rodslonecznapolana.pl\/index.php\/2018\/04\/19\/oplaty-2018\/#breadcrumb","itemListElement":[{"@type":"ListItem","position":1,"name":"Strona g\u0142\u00f3wna","item":"https:\/\/rodslonecznapolana.pl\/"},{"@type":"ListItem","position":2,"name":"Op\u0142aty 2018"}]},{"@type":"WebSite","@id":"https:\/\/rodslonecznapolana.pl\/#website","url":"https:\/\/rodslonecznapolana.pl\/","name":"OGRODY DZIA\u0141KOWE S\u0141ONECZNA POLANA PAWLIKOWICE","description":"","potentialAction":[{"@type":"SearchAction","target":{"@type":"EntryPoint","urlTemplate":"https:\/\/rodslonecznapolana.pl\/?s={search_term_string}"},"query-input":"required name=search_term_string"}],"inLanguage":"pl-PL"},{"@type":"Person","@id":"https:\/\/rodslonecznapolana.pl\/#\/schema\/person\/e1f11991694e9fa7757769079fa1c460","name":"slonecznapolanarod@gmail.com","image":{"@type":"ImageObject","inLanguage":"pl-PL","@id":"https:\/\/rodslonecznapolana.pl\/#\/schema\/person\/image\/","url":"https:\/\/secure.gravatar.com\/avatar\/4e1b7da00bbbef286abc5d10e669a6f0?s=96&d=mm&r=g","contentUrl":"https:\/\/secure.gravatar.com\/avatar\/4e1b7da00bbbef286abc5d10e669a6f0?s=96&d=mm&r=g","caption":"slonecznapolanarod@gmail.com"},"url":"https:\/\/rodslonecznapolana.pl\/index.php\/author\/slonecznapolanarodgmail-com\/"}]}},"_links":{"self":[{"href":"https:\/\/rodslonecznapolana.pl\/index.php\/wp-json\/wp\/v2\/posts\/964"}],"collection":[{"href":"https:\/\/rodslonecznapolana.pl\/index.php\/wp-json\/wp\/v2\/posts"}],"about":[{"href":"https:\/\/rodslonecznapolana.pl\/index.php\/wp-json\/wp\/v2\/types\/post"}],"author":[{"embeddable":true,"href":"https:\/\/rodslonecznapolana.pl\/index.php\/wp-json\/wp\/v2\/users\/2"}],"replies":[{"embeddable":true,"href":"https:\/\/rodslonecznapolana.pl\/index.php\/wp-json\/wp\/v2\/comments?post=964"}],"version-history":[{"count":13,"href":"https:\/\/rodslonecznapolana.pl\/index.php\/wp-json\/wp\/v2\/posts\/964\/revisions"}],"predecessor-version":[{"id":1016,"href":"https:\/\/rodslonecznapolana.pl\/index.php\/wp-json\/wp\/v2\/posts\/964\/revisions\/1016"}],"wp:featuredmedia":[{"embeddable":true,"href":"https:\/\/rodslonecznapolana.pl\/index.php\/wp-json\/wp\/v2\/media\/968"}],"wp:attachment":[{"href":"https:\/\/rodslonecznapolana.pl\/index.php\/wp-json\/wp\/v2\/media?parent=964"}],"wp:term":[{"taxonomy":"category","embeddable":true,"href":"https:\/\/rodslonecznapolana.pl\/index.php\/wp-json\/wp\/v2\/categories?post=964"},{"taxonomy":"post_tag","embeddable":true,"href":"https:\/\/rodslonecznapolana.pl\/index.php\/wp-json\/wp\/v2\/tags?post=964"}],"curies":[{"name":"wp","href":"https:\/\/api.w.org\/{rel}","templated":true}]}}